{"@context":{"dc":"http:\/\/purl.org\/dc\/elements\/1.1\/","skos":"http:\/\/www.w3.org\/2004\/02\/skos\/core#","skos:broader":{"@type":"@id"},"skos:inScheme":{"@type":"@id"},"skos:related":{"@type":"@id"},"skos:narrower":{"@type":"@id"},"skos:hasTopConcept":{"@type":"@id"},"skos:topConceptOf":{"@type":"@id"}},"@id":"https:\/\/adm.senado.leg.br\/vcb\/vocab\/skos\/29355","@type":"skos:Concept","skos:prefLabel":{"@language":"pt-BR","@value=":"Fator de risco ocupacional"},"skos:inScheme":"https:\/\/adm.senado.leg.br\/vcb\/vocab\/","dct:created":"2023-02-26 10:38:42","skos:definition":[{"@lang":"pt-BR","@value":"Elemento que isoladamente ou em combina\u00e7\u00e3o com outros tem o potencial intr\u00ednseco de dar origem a les\u00f5es ou agravos \u00e0 sa\u00fade.$vOLIVEIRA, Denise Soares. "}],"skos:altLabel":[{"language":"pt-BR","value":"Fonte de risco ocupacional"},{"language":"pt-BR","value":"Perigo de risco ocupacional"}],"skos:related":["https:\/\/adm.senado.leg.br\/vcb\/vocab\/skos\/3238","https:\/\/adm.senado.leg.br\/vcb\/vocab\/skos\/28912","https:\/\/adm.senado.leg.br\/vcb\/vocab\/skos\/802","https:\/\/adm.senado.leg.br\/vcb\/vocab\/skos\/13449","https:\/\/adm.senado.leg.br\/vcb\/vocab\/skos\/804"]}