{"@context":{"dc":"http:\/\/purl.org\/dc\/elements\/1.1\/","skos":"http:\/\/www.w3.org\/2004\/02\/skos\/core#","skos:broader":{"@type":"@id"},"skos:inScheme":{"@type":"@id"},"skos:related":{"@type":"@id"},"skos:narrower":{"@type":"@id"},"skos:hasTopConcept":{"@type":"@id"},"skos:topConceptOf":{"@type":"@id"}},"@id":"https:\/\/adm.senado.leg.br\/vcb\/vocab\/skos\/29411","@type":"skos:Concept","skos:prefLabel":{"@language":"pt-BR","@value=":"Contribui\u00e7\u00e3o negocial"},"skos:inScheme":"https:\/\/adm.senado.leg.br\/vcb\/vocab\/","dct:created":"2023-03-20 14:57:08","dct:modified":"2023-03-20 20:24:04","skos:definition":[{"@lang":"pt-BR","@value":"Contribui\u00e7\u00e3o destinada ao custeio das atividades assistenciais do sindicato da categoria profissional, pela participa\u00e7\u00e3o nas negocia\u00e7\u00f5es coletivas visando a obten\u00e7\u00e3o de novas e melhores condi\u00e7\u00f5es de trabalho para a categoria.$vST\u00dcRMER, Gilberto. Contribui\u00e7\u00f5es sindicais. In: CAMPILONGO, Celso Fernandes (org.). Enciclop\u00e9dia jur\u00eddica da PUC-SP. S\u00e3o Paulo: Pontif\u00edcia Universidade Cat\u00f3lica de S\u00e3o Paulo, 2017 "}],"skos:editorialNote":[{"@lang":"pt-BR","@value":"342.64164 "}],"skos:broader":["https:\/\/adm.senado.leg.br\/vcb\/vocab\/skos\/2116"],"skos:altLabel":[{"language":"pt-BR","value":"Contribui\u00e7\u00e3o assistencial"},{"language":"pt-BR","value":"Contribui\u00e7\u00e3o de fortalecimento"},{"language":"pt-BR","value":"Contribui\u00e7\u00e3o de solidariedade"},{"language":"pt-BR","value":"Desconto assistencial"},{"language":"pt-BR","value":"Taxa assistencial"},{"language":"pt-BR","value":"Taxa negocial"}],"skos:related":["https:\/\/adm.senado.leg.br\/vcb\/vocab\/skos\/920","https:\/\/adm.senado.leg.br\/vcb\/vocab\/skos\/29415","https:\/\/adm.senado.leg.br\/vcb\/vocab\/skos\/9133","https:\/\/adm.senado.leg.br\/vcb\/vocab\/skos\/928","https:\/\/adm.senado.leg.br\/vcb\/vocab\/skos\/929"]}