{"@context":{"dc":"http:\/\/purl.org\/dc\/elements\/1.1\/","skos":"http:\/\/www.w3.org\/2004\/02\/skos\/core#","skos:broader":{"@type":"@id"},"skos:inScheme":{"@type":"@id"},"skos:related":{"@type":"@id"},"skos:narrower":{"@type":"@id"},"skos:hasTopConcept":{"@type":"@id"},"skos:topConceptOf":{"@type":"@id"}},"@id":"https:\/\/adm.senado.leg.br\/vcb\/vocab\/skos\/29433","@type":"skos:Concept","skos:prefLabel":{"@language":"pt-BR","@value=":"Rescis\u00e3o indireta"},"skos:inScheme":"https:\/\/adm.senado.leg.br\/vcb\/vocab\/","dct:created":"2023-03-28 21:43:17","skos:definition":[{"@lang":"pt-BR","@value":"A rescis\u00e3o indireta \u00e9 a modalidade de rescis\u00e3o dos contratos de trabalho por iniciativa do empregado, quando o empregador pratica atos que tornem imposs\u00edvel, ou ao menos dif\u00edcil, a continuidade da rela\u00e7\u00e3o de emprego. \u00c9 conhecida como a justa causa patronal, pois o empregador fica obrigado a pagar ao empregado todos os direitos rescis\u00f3rios como se o tivesse despedido.$vZainaghi, Domingos S\u00e1vio. 2018 "}],"skos:editorialNote":[{"@lang":"pt-BR","@value":"342.6526 "}],"skos:broader":["https:\/\/adm.senado.leg.br\/vcb\/vocab\/skos\/962","https:\/\/adm.senado.leg.br\/vcb\/vocab\/skos\/29437"],"skos:altLabel":[{"language":"pt-BR","value":"Despedida indireta"},{"language":"pt-BR","value":"Dispensa indireta"},{"language":"pt-BR","value":"Justa causa patronal"}],"skos:related":["https:\/\/adm.senado.leg.br\/vcb\/vocab\/skos\/965","https:\/\/adm.senado.leg.br\/vcb\/vocab\/skos\/15","https:\/\/adm.senado.leg.br\/vcb\/vocab\/skos\/10311","https:\/\/adm.senado.leg.br\/vcb\/vocab\/skos\/38","https:\/\/adm.senado.leg.br\/vcb\/vocab\/skos\/5869"]}