{"@context":{"dc":"http:\/\/purl.org\/dc\/elements\/1.1\/","skos":"http:\/\/www.w3.org\/2004\/02\/skos\/core#","skos:broader":{"@type":"@id"},"skos:inScheme":{"@type":"@id"},"skos:related":{"@type":"@id"},"skos:narrower":{"@type":"@id"},"skos:hasTopConcept":{"@type":"@id"},"skos:topConceptOf":{"@type":"@id"}},"@id":"https:\/\/adm.senado.leg.br\/vcb\/vocab\/skos\/2944","@type":"skos:Concept","skos:prefLabel":{"@language":"pt-BR","@value=":"Gera\u00e7\u00e3o de energia el\u00e9trica"},"skos:inScheme":"https:\/\/adm.senado.leg.br\/vcb\/vocab\/","dct:created":"2020-09-18 17:43:05","skos:narrower":["https:\/\/adm.senado.leg.br\/vcb\/vocab\/skos\/2941","https:\/\/adm.senado.leg.br\/vcb\/vocab\/skos\/4671"],"skos:broader":["https:\/\/adm.senado.leg.br\/vcb\/vocab\/skos\/12805"],"skos:altLabel":[{"language":"pt-BR","value":"Produ\u00e7\u00e3o de energia el\u00e9trica"}],"skos:related":["https:\/\/adm.senado.leg.br\/vcb\/vocab\/skos\/1562","https:\/\/adm.senado.leg.br\/vcb\/vocab\/skos\/12812","https:\/\/adm.senado.leg.br\/vcb\/vocab\/skos\/5310","https:\/\/adm.senado.leg.br\/vcb\/vocab\/skos\/1563","https:\/\/adm.senado.leg.br\/vcb\/vocab\/skos\/6421","https:\/\/adm.senado.leg.br\/vcb\/vocab\/skos\/5884","https:\/\/adm.senado.leg.br\/vcb\/vocab\/skos\/8199","https:\/\/adm.senado.leg.br\/vcb\/vocab\/skos\/13093","https:\/\/adm.senado.leg.br\/vcb\/vocab\/skos\/8203","https:\/\/adm.senado.leg.br\/vcb\/vocab\/skos\/13117","https:\/\/adm.senado.leg.br\/vcb\/vocab\/skos\/12051","https:\/\/adm.senado.leg.br\/vcb\/vocab\/skos\/13121","https:\/\/adm.senado.leg.br\/vcb\/vocab\/skos\/25848","https:\/\/adm.senado.leg.br\/vcb\/vocab\/skos\/2945","https:\/\/adm.senado.leg.br\/vcb\/vocab\/skos\/8671","https:\/\/adm.senado.leg.br\/vcb\/vocab\/skos\/13122","https:\/\/adm.senado.leg.br\/vcb\/vocab\/skos\/6331"]}