{"@context":{"dc":"http:\/\/purl.org\/dc\/elements\/1.1\/","skos":"http:\/\/www.w3.org\/2004\/02\/skos\/core#","skos:broader":{"@type":"@id"},"skos:inScheme":{"@type":"@id"},"skos:related":{"@type":"@id"},"skos:narrower":{"@type":"@id"},"skos:hasTopConcept":{"@type":"@id"},"skos:topConceptOf":{"@type":"@id"}},"@id":"https:\/\/adm.senado.leg.br\/vcb\/vocab\/skos\/2953","@type":"skos:Concept","skos:prefLabel":{"@language":"pt-BR","@value=":"Efeito estufa"},"skos:inScheme":"https:\/\/adm.senado.leg.br\/vcb\/vocab\/","dct:created":"2020-09-18 17:43:05","skos:definition":[{"@lang":"ab","@value":"Aumento da temperatura da atmosfera terrestre em consequ\u00eancia da absor\u00e7\u00e3o de energia reemitida pela superf\u00edcie terrestre (Dic. bras. ci\u00eancias ambientais \/ Pedro Paulo de Lima e Silva). "},{"@lang":"ab","@value":"Capacidade que a atmosfera da Terra apresenta de reter parte da radia\u00e7\u00e3o t\u00e9rmica emitida pela superf\u00edcie do planeta.$vIBGE. Vocabul\u00e1rio b\u00e1sico de recursos naturais e emio ambiente. 2. ed. Rio de Janeiro, 2004. "}],"skos:broader":["https:\/\/adm.senado.leg.br\/vcb\/vocab\/skos\/2954"],"skos:altLabel":[{"language":"pt-BR","value":"Aumento da temperatura terrestre"},{"language":"pt-BR","value":"Temperatura terrestre, altera\u00e7\u00e3o"}],"skos:related":["https:\/\/adm.senado.leg.br\/vcb\/vocab\/skos\/2951","https:\/\/adm.senado.leg.br\/vcb\/vocab\/skos\/5882","https:\/\/adm.senado.leg.br\/vcb\/vocab\/skos\/28490","https:\/\/adm.senado.leg.br\/vcb\/vocab\/skos\/6839","https:\/\/adm.senado.leg.br\/vcb\/vocab\/skos\/12735","https:\/\/adm.senado.leg.br\/vcb\/vocab\/skos\/5886"]}