{"@context":{"dc":"http:\/\/purl.org\/dc\/elements\/1.1\/","skos":"http:\/\/www.w3.org\/2004\/02\/skos\/core#","skos:broader":{"@type":"@id"},"skos:inScheme":{"@type":"@id"},"skos:related":{"@type":"@id"},"skos:narrower":{"@type":"@id"},"skos:hasTopConcept":{"@type":"@id"},"skos:topConceptOf":{"@type":"@id"}},"@id":"https:\/\/adm.senado.leg.br\/vcb\/vocab\/skos\/29752","@type":"skos:Concept","skos:prefLabel":{"@language":"pt-BR","@value=":"Ado\u00e7\u00e3o p\u00f3stuma"},"skos:inScheme":"https:\/\/adm.senado.leg.br\/vcb\/vocab\/","dct:created":"2024-07-26 21:39:30","skos:definition":[{"@lang":"pt-BR","@value":"Ado\u00e7\u00e3o p\u00f3stuma ou ado\u00e7\u00e3o post mortem \u00e9 aquela em que o adotante falece no curso do procedimento, ou seja, antes de prolatada a senten\u00e7a de ado\u00e7\u00e3o o mesmo vem a \u00f3bito sem ter a chance de ver concretizado legalmente seu desejo em adotar.\u2063$uhttps:\/\/eduardoribeiroadvocacia.com.br\/blog\/marcela-priscila-da-silva\/post\/voce-sabe-o-que-e-adocao-postuma "}],"skos:editorialNote":[{"@lang":"pt-BR","@value":"342.16331 "}],"skos:broader":["https:\/\/adm.senado.leg.br\/vcb\/vocab\/skos\/1329"],"skos:altLabel":[{"language":"pt-BR","value":"Ado\u00e7\u00e3o post mortem"}],"skos:related":["https:\/\/adm.senado.leg.br\/vcb\/vocab\/skos\/1337","https:\/\/adm.senado.leg.br\/vcb\/vocab\/skos\/29756","https:\/\/adm.senado.leg.br\/vcb\/vocab\/skos\/29751","https:\/\/adm.senado.leg.br\/vcb\/vocab\/skos\/1338","https:\/\/adm.senado.leg.br\/vcb\/vocab\/skos\/1339","https:\/\/adm.senado.leg.br\/vcb\/vocab\/skos\/1340","https:\/\/adm.senado.leg.br\/vcb\/vocab\/skos\/29750"]}