{"@context":{"dc":"http:\/\/purl.org\/dc\/elements\/1.1\/","skos":"http:\/\/www.w3.org\/2004\/02\/skos\/core#","skos:broader":{"@type":"@id"},"skos:inScheme":{"@type":"@id"},"skos:related":{"@type":"@id"},"skos:narrower":{"@type":"@id"},"skos:hasTopConcept":{"@type":"@id"},"skos:topConceptOf":{"@type":"@id"}},"@id":"https:\/\/adm.senado.leg.br\/vcb\/vocab\/skos\/299","@type":"skos:Concept","skos:prefLabel":{"@language":"pt-BR","@value=":"Cassa\u00e7\u00e3o de mandato"},"skos:inScheme":"https:\/\/adm.senado.leg.br\/vcb\/vocab\/","dct:created":"2020-09-18 17:42:57","skos:definition":[{"@lang":"ab","@value":"Cessa\u00e7\u00e3o do mandato parlamentar aplic\u00e1vel aos parlamentares que incorrem nas situa\u00e7\u00f5es previstas na Constitui\u00e7\u00e3o Federal, CF, art. 55; RICD arts. 21-F, par\u00e1grafo \u00fanico, 32, IV, \u201cp\u201d, 109, III, \u201ca\u201d, 238, III; RISF, arts. 32 a 35; RSF 20\/1993.$uhttps:\/\/www.congressonacional.leg.br\/legislacao-e-publicacoes\/glossario\/-\/definicoes\/termo\/perda_de_mandato "}],"skos:editorialNote":[{"@lang":"ab","@value":"341.2534 "}],"skos:broader":["https:\/\/adm.senado.leg.br\/vcb\/vocab\/skos\/460"],"skos:altLabel":[{"language":"pt-BR","value":"Cassa\u00e7\u00e3o de mandato eletivo"},{"language":"pt-BR","value":"Cassa\u00e7\u00e3o de mandato parlamentar"},{"language":"pt-BR","value":"Perda de Mandato"}],"skos:related":["https:\/\/adm.senado.leg.br\/vcb\/vocab\/skos\/295","https:\/\/adm.senado.leg.br\/vcb\/vocab\/skos\/305","https:\/\/adm.senado.leg.br\/vcb\/vocab\/skos\/6409","https:\/\/adm.senado.leg.br\/vcb\/vocab\/skos\/6410","https:\/\/adm.senado.leg.br\/vcb\/vocab\/skos\/4193","https:\/\/adm.senado.leg.br\/vcb\/vocab\/skos\/1624"]}