{"@context":{"dc":"http:\/\/purl.org\/dc\/elements\/1.1\/","skos":"http:\/\/www.w3.org\/2004\/02\/skos\/core#","skos:broader":{"@type":"@id"},"skos:inScheme":{"@type":"@id"},"skos:related":{"@type":"@id"},"skos:narrower":{"@type":"@id"},"skos:hasTopConcept":{"@type":"@id"},"skos:topConceptOf":{"@type":"@id"}},"@id":"https:\/\/adm.senado.leg.br\/vcb\/vocab\/skos\/29941","@type":"skos:Concept","skos:prefLabel":{"@language":"pt-BR","@value=":"Inc\u00eandio florestal criminoso"},"skos:inScheme":"https:\/\/adm.senado.leg.br\/vcb\/vocab\/","dct:created":"2025-07-25 10:05:55","skos:definition":[{"@lang":"pt-BR","@value":"Crime previsto na Lei n\u00ba 9.605\/98, art. 41, como o ato de \"Provocar inc\u00eandio em floresta ou em demais formas de vegeta\u00e7\u00e3o.\" "}],"skos:editorialNote":[{"@lang":"pt-BR","@value":"341.3474 "}],"skos:broader":["https:\/\/adm.senado.leg.br\/vcb\/vocab\/skos\/9698"],"skos:altLabel":[{"language":"pt-BR","value":"Queimadas n\u00e3o autorizadas"}],"skos:related":["https:\/\/adm.senado.leg.br\/vcb\/vocab\/skos\/8585","https:\/\/adm.senado.leg.br\/vcb\/vocab\/skos\/29939","https:\/\/adm.senado.leg.br\/vcb\/vocab\/skos\/5649","https:\/\/adm.senado.leg.br\/vcb\/vocab\/skos\/29937","https:\/\/adm.senado.leg.br\/vcb\/vocab\/skos\/29948","https:\/\/adm.senado.leg.br\/vcb\/vocab\/skos\/29942","https:\/\/adm.senado.leg.br\/vcb\/vocab\/skos\/8589"]}