{"@context":{"dc":"http:\/\/purl.org\/dc\/elements\/1.1\/","skos":"http:\/\/www.w3.org\/2004\/02\/skos\/core#","skos:broader":{"@type":"@id"},"skos:inScheme":{"@type":"@id"},"skos:related":{"@type":"@id"},"skos:narrower":{"@type":"@id"},"skos:hasTopConcept":{"@type":"@id"},"skos:topConceptOf":{"@type":"@id"}},"@id":"https:\/\/adm.senado.leg.br\/vcb\/vocab\/skos\/3000","@type":"skos:Concept","skos:prefLabel":{"@language":"pt-BR","@value=":"Comiss\u00e3o de concilia\u00e7\u00e3o pr\u00e9via"},"skos:inScheme":"https:\/\/adm.senado.leg.br\/vcb\/vocab\/","dct:created":"2020-09-18 17:43:05","skos:definition":[{"@lang":"ab","@value":"Comiss\u00e3o institu\u00edda por empresas ou sindicatos, com composi\u00e7\u00e3o parit\u00e1ria, com a atribui\u00e7\u00e3o de tentar conciliar os conflitos individuais de trabalho, sem precisar ir \u00e0 Justi\u00e7a do Trabalho (introduzida pela Lei 9.958, de 12 jan. 2000). "}],"skos:editorialNote":[{"@lang":"ab","@value":"342.636 "}],"skos:broader":["https:\/\/adm.senado.leg.br\/vcb\/vocab\/skos\/925"],"skos:related":["https:\/\/adm.senado.leg.br\/vcb\/vocab\/skos\/2998","https:\/\/adm.senado.leg.br\/vcb\/vocab\/skos\/961","https:\/\/adm.senado.leg.br\/vcb\/vocab\/skos\/964","https:\/\/adm.senado.leg.br\/vcb\/vocab\/skos\/3001"]}