{"@context":{"dc":"http:\/\/purl.org\/dc\/elements\/1.1\/","skos":"http:\/\/www.w3.org\/2004\/02\/skos\/core#","skos:broader":{"@type":"@id"},"skos:inScheme":{"@type":"@id"},"skos:related":{"@type":"@id"},"skos:narrower":{"@type":"@id"},"skos:hasTopConcept":{"@type":"@id"},"skos:topConceptOf":{"@type":"@id"}},"@id":"https:\/\/adm.senado.leg.br\/vcb\/vocab\/skos\/30108","@type":"skos:Concept","skos:prefLabel":{"@language":"pt-BR","@value=":"Elei\u00e7\u00e3o suplementar"},"skos:inScheme":"https:\/\/adm.senado.leg.br\/vcb\/vocab\/","dct:created":"2026-04-20 23:58:35","skos:definition":[{"@lang":"pt-BR","@value":"Uma\u00a0elei\u00e7\u00e3o suplementar\u00a0ou\u00a0parcial\u00a0\u00e9 uma elei\u00e7\u00e3o usada para preencher um cargo que ficou vago entre as elei\u00e7\u00f5es gerais. "}],"skos:editorialNote":[{"@lang":"pt-BR","@value":"341.2847 "}],"skos:broader":["https:\/\/adm.senado.leg.br\/vcb\/vocab\/skos\/2120","https:\/\/adm.senado.leg.br\/vcb\/vocab\/skos\/465"],"skos:altLabel":[{"language":"pt-BR","value":"Elei\u00e7\u00e3o parcial"},{"language":"pt-BR","value":"Elei\u00e7\u00f5es suplementares"}]}