{"@context":{"dc":"http:\/\/purl.org\/dc\/elements\/1.1\/","skos":"http:\/\/www.w3.org\/2004\/02\/skos\/core#","skos:broader":{"@type":"@id"},"skos:inScheme":{"@type":"@id"},"skos:related":{"@type":"@id"},"skos:narrower":{"@type":"@id"},"skos:hasTopConcept":{"@type":"@id"},"skos:topConceptOf":{"@type":"@id"}},"@id":"https:\/\/adm.senado.leg.br\/vcb\/vocab\/skos\/30130","@type":"skos:Concept","skos:prefLabel":{"@language":"pt-BR","@value=":"Dom\u00ednio patrimonial"},"skos:inScheme":"https:\/\/adm.senado.leg.br\/vcb\/vocab\/","dct:created":"2026-04-25 23:08:35","skos:definition":[{"@lang":"pt-BR","@value":"Conjunto de bens m\u00f3veis, im\u00f3veis, direitos e rendimentos que integram o patrim\u00f4nio do Estado (Uni\u00e3o, Estados, Munic\u00edpios). \u00c9 o exerc\u00edcio da propriedade p\u00fablica sobre seus ativos, diferenciando-se dos bens de uso comum ou especial por n\u00e3o terem destina\u00e7\u00e3o p\u00fablica espec\u00edfica, sendo geridos de forma similar \u00e0 propriedade privada. "}],"skos:editorialNote":[{"@lang":"pt-BR","@value":"341.34 "}],"skos:narrower":["https:\/\/adm.senado.leg.br\/vcb\/vocab\/skos\/30131"],"skos:broader":["https:\/\/adm.senado.leg.br\/vcb\/vocab\/skos\/1281"],"skos:related":["https:\/\/adm.senado.leg.br\/vcb\/vocab\/skos\/5132"]}