{"@context":{"dc":"http:\/\/purl.org\/dc\/elements\/1.1\/","skos":"http:\/\/www.w3.org\/2004\/02\/skos\/core#","skos:broader":{"@type":"@id"},"skos:inScheme":{"@type":"@id"},"skos:related":{"@type":"@id"},"skos:narrower":{"@type":"@id"},"skos:hasTopConcept":{"@type":"@id"},"skos:topConceptOf":{"@type":"@id"}},"@id":"https:\/\/adm.senado.leg.br\/vcb\/vocab\/skos\/30131","@type":"skos:Concept","skos:prefLabel":{"@language":"pt-BR","@value=":"Patrim\u00f4nio hist\u00f3rico e art\u00edstico nacional"},"skos:inScheme":"https:\/\/adm.senado.leg.br\/vcb\/vocab\/","dct:created":"2026-04-25 23:11:06","skos:definition":[{"@lang":"pt-BR","@value":"O patrim\u00f4nio hist\u00f3rico e art\u00edstico nacional brasileiro \u00e9 o conjunto de bens m\u00f3veis e im\u00f3veis de interesse p\u00fablico, protegido pelo\u00a0Instituto do Patrim\u00f4nio Hist\u00f3rico e Art\u00edstico Nacional, criado em 1937. Ele engloba bens materiais (edifica\u00e7\u00f5es, centros hist\u00f3ricos), imateriais (saberes, celebra\u00e7\u00f5es), arqueol\u00f3gicos e paisag\u00edsticos, essenciais para a mem\u00f3ria e identidade nacional.\u00a0 "}],"skos:editorialNote":[{"@lang":"pt-BR","@value":"341.349 "}],"skos:narrower":["https:\/\/adm.senado.leg.br\/vcb\/vocab\/skos\/6926"],"skos:broader":["https:\/\/adm.senado.leg.br\/vcb\/vocab\/skos\/30130"]}