{"@context":{"dc":"http:\/\/purl.org\/dc\/elements\/1.1\/","skos":"http:\/\/www.w3.org\/2004\/02\/skos\/core#","skos:broader":{"@type":"@id"},"skos:inScheme":{"@type":"@id"},"skos:related":{"@type":"@id"},"skos:narrower":{"@type":"@id"},"skos:hasTopConcept":{"@type":"@id"},"skos:topConceptOf":{"@type":"@id"}},"@id":"https:\/\/adm.senado.leg.br\/vcb\/vocab\/skos\/3018","@type":"skos:Concept","skos:prefLabel":{"@language":"pt-BR","@value=":"Paisagismo"},"skos:inScheme":"https:\/\/adm.senado.leg.br\/vcb\/vocab\/","dct:created":"2020-09-18 17:43:05","skos:definition":[{"@lang":"ab","@value":"Estudo dos processos de prepara\u00e7\u00e3o e realiza\u00e7\u00e3o da paisagem como complemento da arquitetura.$vFERREIRA, Aur\u00e9lio Buarque de Holanda. Novo Dicion\u00e1rio Aur\u00e9lio da L\u00edngua Portuguesa "}],"skos:broader":["https:\/\/adm.senado.leg.br\/vcb\/vocab\/skos\/3245"],"skos:altLabel":[{"language":"pt-BR","value":"Ajardinamento"}],"skos:related":["https:\/\/adm.senado.leg.br\/vcb\/vocab\/skos\/3017","https:\/\/adm.senado.leg.br\/vcb\/vocab\/skos\/3053","https:\/\/adm.senado.leg.br\/vcb\/vocab\/skos\/1026","https:\/\/adm.senado.leg.br\/vcb\/vocab\/skos\/19280","https:\/\/adm.senado.leg.br\/vcb\/vocab\/skos\/3057","https:\/\/adm.senado.leg.br\/vcb\/vocab\/skos\/3217","https:\/\/adm.senado.leg.br\/vcb\/vocab\/skos\/18866"]}