{"@context":{"dc":"http:\/\/purl.org\/dc\/elements\/1.1\/","skos":"http:\/\/www.w3.org\/2004\/02\/skos\/core#","skos:broader":{"@type":"@id"},"skos:inScheme":{"@type":"@id"},"skos:related":{"@type":"@id"},"skos:narrower":{"@type":"@id"},"skos:hasTopConcept":{"@type":"@id"},"skos:topConceptOf":{"@type":"@id"}},"@id":"https:\/\/adm.senado.leg.br\/vcb\/vocab\/skos\/3039","@type":"skos:Concept","skos:prefLabel":{"@language":"pt-BR","@value=":"Esta\u00e7\u00e3o ecol\u00f3gica"},"skos:inScheme":"https:\/\/adm.senado.leg.br\/vcb\/vocab\/","dct:created":"2020-09-18 17:43:05","skos:definition":[{"@lang":"ab","@value":"\u00c1rea representativa de ecossistemas brasileiros, destinada \u00e0 realiza\u00e7\u00e3o de pesquisas b\u00e1sicas e aplicadas em Ecologia, \u00e0 prote\u00e7\u00e3o do ambiente natural e ao desenvolvimento da educa\u00e7\u00e3o conservacionista (Dic. bras. ci\u00eancias ambientais \/ Pedro Paulo de Lima e Silva). "}],"skos:broader":["https:\/\/adm.senado.leg.br\/vcb\/vocab\/skos\/3044"],"skos:altLabel":[{"language":"pt-BR","value":"Esta\u00e7\u00e3o ecol\u00f3gica (EE)"}],"skos:related":["https:\/\/adm.senado.leg.br\/vcb\/vocab\/skos\/3036","https:\/\/adm.senado.leg.br\/vcb\/vocab\/skos\/1727","https:\/\/adm.senado.leg.br\/vcb\/vocab\/skos\/5323","https:\/\/adm.senado.leg.br\/vcb\/vocab\/skos\/3041","https:\/\/adm.senado.leg.br\/vcb\/vocab\/skos\/2233"]}