{"@context":{"dc":"http:\/\/purl.org\/dc\/elements\/1.1\/","skos":"http:\/\/www.w3.org\/2004\/02\/skos\/core#","skos:broader":{"@type":"@id"},"skos:inScheme":{"@type":"@id"},"skos:related":{"@type":"@id"},"skos:narrower":{"@type":"@id"},"skos:hasTopConcept":{"@type":"@id"},"skos:topConceptOf":{"@type":"@id"}},"@id":"https:\/\/adm.senado.leg.br\/vcb\/vocab\/skos\/3043","@type":"skos:Concept","skos:prefLabel":{"@language":"pt-BR","@value=":"Reserva particular do patrim\u00f4nio natural"},"skos:inScheme":"https:\/\/adm.senado.leg.br\/vcb\/vocab\/","dct:created":"2020-09-18 17:43:05","dct:modified":"2021-10-24 21:29:46","skos:scopeNote":[{"@lang":"pt-BR","@value":"Denomina\u00e7\u00e3o brasileira. Para reserva particular do patrim\u00f4nio natural com nome espec\u00edfico, usar a forma padronizada de nome geogr\u00e1fico (campo 651). Ex.: Reserva Particular do Patrim\u00f4nio Natural SESC Pantanal (Bar\u00e3o do Melga\u00e7o, MT) "}],"skos:definition":[{"@lang":"ab","@value":"\"Unidade de conserva\u00e7\u00e3o de dom\u00ednio privado, com o objetivo de conservar a diversidade biol\u00f3gica, gravada com perpetuidade, por interm\u00e9dio de Termo de Compromisso averbado \u00e0 margem da inscri\u00e7\u00e3o no Registro p\u00fablico de im\u00f3veis\" (Decreto n. 5.746, 5 abril 2006). "}],"skos:broader":["https:\/\/adm.senado.leg.br\/vcb\/vocab\/skos\/3044"],"skos:altLabel":[{"language":"pt-BR","value":"RPPN"}],"skos:related":["https:\/\/adm.senado.leg.br\/vcb\/vocab\/skos\/3036","https:\/\/adm.senado.leg.br\/vcb\/vocab\/skos\/3038","https:\/\/adm.senado.leg.br\/vcb\/vocab\/skos\/5319","https:\/\/adm.senado.leg.br\/vcb\/vocab\/skos\/8209"]}