{"@context":{"dc":"http:\/\/purl.org\/dc\/elements\/1.1\/","skos":"http:\/\/www.w3.org\/2004\/02\/skos\/core#","skos:broader":{"@type":"@id"},"skos:inScheme":{"@type":"@id"},"skos:related":{"@type":"@id"},"skos:narrower":{"@type":"@id"},"skos:hasTopConcept":{"@type":"@id"},"skos:topConceptOf":{"@type":"@id"}},"@id":"https:\/\/adm.senado.leg.br\/vcb\/vocab\/skos\/3151","@type":"skos:Concept","skos:prefLabel":{"@language":"pt-BR","@value=":"Defesa nacional"},"skos:inScheme":"https:\/\/adm.senado.leg.br\/vcb\/vocab\/","dct:created":"2020-09-18 17:43:06","skos:definition":[{"@lang":"ab","@value":"Conjunto de medidas e a\u00e7\u00f5es do Estado, com \u00eanfase na express\u00e3o militar, para a defesa do territ\u00f3rio, da soberania e dos interesses nacionais contra amea\u00e7as preponderantemente externas, potenciais ou manifestas.$vBRASIL. Minist\u00e9rio da Defesa. Gloss\u00e1rio das For\u00e7as Armadas. "}],"skos:narrower":["https:\/\/adm.senado.leg.br\/vcb\/vocab\/skos\/24600","https:\/\/adm.senado.leg.br\/vcb\/vocab\/skos\/3849"],"skos:broader":["https:\/\/adm.senado.leg.br\/vcb\/vocab\/skos\/1458","https:\/\/adm.senado.leg.br\/vcb\/vocab\/skos\/2499"],"skos:related":["https:\/\/adm.senado.leg.br\/vcb\/vocab\/skos\/27649","https:\/\/adm.senado.leg.br\/vcb\/vocab\/skos\/1465","https:\/\/adm.senado.leg.br\/vcb\/vocab\/skos\/10482","https:\/\/adm.senado.leg.br\/vcb\/vocab\/skos\/10512","https:\/\/adm.senado.leg.br\/vcb\/vocab\/skos\/10513","https:\/\/adm.senado.leg.br\/vcb\/vocab\/skos\/1453","https:\/\/adm.senado.leg.br\/vcb\/vocab\/skos\/10514","https:\/\/adm.senado.leg.br\/vcb\/vocab\/skos\/1490","https:\/\/adm.senado.leg.br\/vcb\/vocab\/skos\/1994","https:\/\/adm.senado.leg.br\/vcb\/vocab\/skos\/10511","https:\/\/adm.senado.leg.br\/vcb\/vocab\/skos\/3155","https:\/\/adm.senado.leg.br\/vcb\/vocab\/skos\/5143","https:\/\/adm.senado.leg.br\/vcb\/vocab\/skos\/10515"]}