{"@context":{"dc":"http:\/\/purl.org\/dc\/elements\/1.1\/","skos":"http:\/\/www.w3.org\/2004\/02\/skos\/core#","skos:broader":{"@type":"@id"},"skos:inScheme":{"@type":"@id"},"skos:related":{"@type":"@id"},"skos:narrower":{"@type":"@id"},"skos:hasTopConcept":{"@type":"@id"},"skos:topConceptOf":{"@type":"@id"}},"@id":"https:\/\/adm.senado.leg.br\/vcb\/vocab\/skos\/3176","@type":"skos:Concept","skos:prefLabel":{"@language":"pt-BR","@value=":"Computa\u00e7\u00e3o em nuvem"},"skos:inScheme":"https:\/\/adm.senado.leg.br\/vcb\/vocab\/","dct:created":"2020-09-18 17:43:06","skos:definition":[{"@lang":"ab","@value":"A computa\u00e7\u00e3o em nuvem (cloud computing) \u00e9 um modelo que possibilita o acesso universal e sob demanda a um conjunto compartilhado de recursos computacionais (por exemplo: servidores, armazenamento de dados, redes e aplica\u00e7\u00f5es), disponibilizados de forma a minimizar o esfor\u00e7o de gerenciamento e a intera\u00e7\u00e3o com o provedor de servi\u00e7os. Al\u00e9m disso, o modelo destaca-se pelas caracter\u00edsticas essenciais de autoprovisionamento, alta disponibilidade, amp. Acesso pela Internet, r\u00e1pida elasticidade e servi\u00e7os medidos por utiliza\u00e7\u00e3o.$vBRASIL. Tribunal de Contas da Uni\u00e3o. Computa\u00e7\u00e3o em nuvem: Ac\u00f3rd\u00e3o 1.739\/2015-TCU-Plen\u00e1rio. "},{"@lang":"ab","@value":"Modelo computacional que permite acesso por demanda, e independentemente da localiza\u00e7\u00e3o, a um conjunto compartilhado de recursos configur\u00e1veis de computa\u00e7\u00e3o (rede de computadores, servidores, armazenamento, aplicativos e servi\u00e7os), provisionados com esfor\u00e7os m\u00ednimos de gest\u00e3o ou de intera\u00e7\u00e3o com o provedor de servi\u00e7os. "}],"skos:narrower":["https:\/\/adm.senado.leg.br\/vcb\/vocab\/skos\/7998"],"skos:broader":["https:\/\/adm.senado.leg.br\/vcb\/vocab\/skos\/2805","https:\/\/adm.senado.leg.br\/vcb\/vocab\/skos\/30016"],"skos:altLabel":[{"language":"pt-BR","value":"Computa\u00e7\u00e3o em nuvens"},{"language":"pt-BR","value":"Computa\u00e7\u00e3o na nuvem"},{"language":"pt-BR","value":"Nuvem, computa\u00e7\u00e3o"},{"language":"pt-BR","value":"Servi\u00e7o de computa\u00e7\u00e3o na nuvem"},{"language":"pt-BR","value":"Solu\u00e7\u00e3o em nuvem"},{"language":"pt-BR","value":"Solu\u00e7\u00f5es em nuvem"}],"skos:related":["https:\/\/adm.senado.leg.br\/vcb\/vocab\/skos\/3170","https:\/\/adm.senado.leg.br\/vcb\/vocab\/skos\/656","https:\/\/adm.senado.leg.br\/vcb\/vocab\/skos\/2808","https:\/\/adm.senado.leg.br\/vcb\/vocab\/skos\/7997","https:\/\/adm.senado.leg.br\/vcb\/vocab\/skos\/3241","https:\/\/adm.senado.leg.br\/vcb\/vocab\/skos\/690"]}