{"@context":{"dc":"http:\/\/purl.org\/dc\/elements\/1.1\/","skos":"http:\/\/www.w3.org\/2004\/02\/skos\/core#","skos:broader":{"@type":"@id"},"skos:inScheme":{"@type":"@id"},"skos:related":{"@type":"@id"},"skos:narrower":{"@type":"@id"},"skos:hasTopConcept":{"@type":"@id"},"skos:topConceptOf":{"@type":"@id"}},"@id":"https:\/\/adm.senado.leg.br\/vcb\/vocab\/skos\/3192","@type":"skos:Concept","skos:prefLabel":{"@language":"pt-BR","@value=":"Arm\u00eanios"},"skos:inScheme":"https:\/\/adm.senado.leg.br\/vcb\/vocab\/","dct:created":"2020-09-18 17:43:06","skos:definition":[{"@lang":"ab","@value":"Naturais da ou relativos \u00e0 regi\u00e3o de(a)(o) Arm\u00eania "}],"skos:broader":["https:\/\/adm.senado.leg.br\/vcb\/vocab\/skos\/3194"],"skos:altLabel":[{"language":"pt-BR","value":"Arm\u00eanicos"}]}