{"@context":{"dc":"http:\/\/purl.org\/dc\/elements\/1.1\/","skos":"http:\/\/www.w3.org\/2004\/02\/skos\/core#","skos:broader":{"@type":"@id"},"skos:inScheme":{"@type":"@id"},"skos:related":{"@type":"@id"},"skos:narrower":{"@type":"@id"},"skos:hasTopConcept":{"@type":"@id"},"skos:topConceptOf":{"@type":"@id"}},"@id":"https:\/\/adm.senado.leg.br\/vcb\/vocab\/skos\/320","@type":"skos:Concept","skos:prefLabel":{"@language":"pt-BR","@value=":"A\u00e7\u00e3o afirmativa"},"skos:inScheme":"https:\/\/adm.senado.leg.br\/vcb\/vocab\/","dct:created":"2020-09-18 17:42:57","skos:definition":[{"@lang":"ab","@value":"Pol\u00edticas p\u00fablicas e privadas voltadas para a concretiza\u00e7\u00e3o do princ\u00edpio constitucional da igualdade material e a neutraliza\u00e7\u00e3o dos efeitos da discrimina\u00e7\u00e3o de ra\u00e7a, de g\u00eanero, de idade, de origem nacional, e de complei\u00e7\u00e3o f\u00edsica. Com o objetivo de colocar todos os membros da sociedade em condi\u00e7\u00f5es de competi\u00e7\u00e3o pelos bens da vida considerados essenciais, se faz necess\u00e1rio, muitas vezes, favorecer uns, em detrimento de outros. "}],"skos:editorialNote":[{"@lang":"ab","@value":"341.2722 "}],"skos:narrower":["https:\/\/adm.senado.leg.br\/vcb\/vocab\/skos\/9560"],"skos:broader":["https:\/\/adm.senado.leg.br\/vcb\/vocab\/skos\/4571"],"skos:altLabel":[{"language":"pt-BR","value":"A\u00e7\u00e3o positiva"},{"language":"pt-BR","value":"Cota racial, pol\u00edtica"},{"language":"pt-BR","value":"Cotas sociais, pol\u00edtica"},{"language":"pt-BR","value":"Discrimina\u00e7\u00e3o inversa"},{"language":"pt-BR","value":"Discrimina\u00e7\u00e3o positiva"},{"language":"pt-BR","value":"Distribui\u00e7\u00e3o de cotas"},{"language":"pt-BR","value":"Pol\u00edtica de cotas"},{"language":"pt-BR","value":"Programa de a\u00e7\u00f5es afirmativas"},{"language":"pt-BR","value":"Sistema de cotas"}],"skos:related":["https:\/\/adm.senado.leg.br\/vcb\/vocab\/skos\/329","https:\/\/adm.senado.leg.br\/vcb\/vocab\/skos\/330","https:\/\/adm.senado.leg.br\/vcb\/vocab\/skos\/27658","https:\/\/adm.senado.leg.br\/vcb\/vocab\/skos\/331","https:\/\/adm.senado.leg.br\/vcb\/vocab\/skos\/332","https:\/\/adm.senado.leg.br\/vcb\/vocab\/skos\/333","https:\/\/adm.senado.leg.br\/vcb\/vocab\/skos\/334","https:\/\/adm.senado.leg.br\/vcb\/vocab\/skos\/335","https:\/\/adm.senado.leg.br\/vcb\/vocab\/skos\/336","https:\/\/adm.senado.leg.br\/vcb\/vocab\/skos\/337","https:\/\/adm.senado.leg.br\/vcb\/vocab\/skos\/338","https:\/\/adm.senado.leg.br\/vcb\/vocab\/skos\/150","https:\/\/adm.senado.leg.br\/vcb\/vocab\/skos\/339","https:\/\/adm.senado.leg.br\/vcb\/vocab\/skos\/340"]}