{"@context":{"dc":"http:\/\/purl.org\/dc\/elements\/1.1\/","skos":"http:\/\/www.w3.org\/2004\/02\/skos\/core#","skos:broader":{"@type":"@id"},"skos:inScheme":{"@type":"@id"},"skos:related":{"@type":"@id"},"skos:narrower":{"@type":"@id"},"skos:hasTopConcept":{"@type":"@id"},"skos:topConceptOf":{"@type":"@id"}},"@id":"https:\/\/adm.senado.leg.br\/vcb\/vocab\/skos\/3258","@type":"skos:Concept","skos:prefLabel":{"@language":"pt-BR","@value=":"Prescri\u00e7\u00e3o penal"},"skos:inScheme":"https:\/\/adm.senado.leg.br\/vcb\/vocab\/","dct:created":"2020-09-18 17:43:06","dct:modified":"2021-05-01 12:35:34","skos:narrower":["https:\/\/adm.senado.leg.br\/vcb\/vocab\/skos\/22417"],"skos:broader":["https:\/\/adm.senado.leg.br\/vcb\/vocab\/skos\/163"],"skos:altLabel":[{"language":"pt-BR","value":"Prescri\u00e7\u00e3o (direito penal)"},{"language":"pt-BR","value":"Prescri\u00e7\u00e3o da pena"},{"language":"pt-BR","value":"Prescri\u00e7\u00e3o extintiva (direito penal)"}],"skos:related":["https:\/\/adm.senado.leg.br\/vcb\/vocab\/skos\/3256","https:\/\/adm.senado.leg.br\/vcb\/vocab\/skos\/4069","https:\/\/adm.senado.leg.br\/vcb\/vocab\/skos\/14672"]}