{"@context":{"dc":"http:\/\/purl.org\/dc\/elements\/1.1\/","skos":"http:\/\/www.w3.org\/2004\/02\/skos\/core#","skos:broader":{"@type":"@id"},"skos:inScheme":{"@type":"@id"},"skos:related":{"@type":"@id"},"skos:narrower":{"@type":"@id"},"skos:hasTopConcept":{"@type":"@id"},"skos:topConceptOf":{"@type":"@id"}},"@id":"https:\/\/adm.senado.leg.br\/vcb\/vocab\/skos\/3263","@type":"skos:Concept","skos:prefLabel":{"@language":"pt-BR","@value=":"Arquivo"},"skos:inScheme":"https:\/\/adm.senado.leg.br\/vcb\/vocab\/","dct:created":"2020-09-18 17:43:06","skos:definition":[{"@lang":"ab","@value":"Conjunto de documentos produzidos e recebidos no decurso das a\u00e7\u00f5es necess\u00e1rias para o cumprimento da miss\u00e3o predefinida de uma determinada entidade coletiva, pessoa ou fam\u00edlia.$vRODRIGUES, Ana M\u00e1rcia Lutterbach. A teoria dos arquivos e a gest\u00e3o de documentos "}],"skos:narrower":["https:\/\/adm.senado.leg.br\/vcb\/vocab\/skos\/3264","https:\/\/adm.senado.leg.br\/vcb\/vocab\/skos\/3272","https:\/\/adm.senado.leg.br\/vcb\/vocab\/skos\/3265","https:\/\/adm.senado.leg.br\/vcb\/vocab\/skos\/3266","https:\/\/adm.senado.leg.br\/vcb\/vocab\/skos\/3273","https:\/\/adm.senado.leg.br\/vcb\/vocab\/skos\/3274"],"skos:broader":["https:\/\/adm.senado.leg.br\/vcb\/vocab\/skos\/2976"],"skos:related":["https:\/\/adm.senado.leg.br\/vcb\/vocab\/skos\/3261","https:\/\/adm.senado.leg.br\/vcb\/vocab\/skos\/3267","https:\/\/adm.senado.leg.br\/vcb\/vocab\/skos\/3268","https:\/\/adm.senado.leg.br\/vcb\/vocab\/skos\/3269","https:\/\/adm.senado.leg.br\/vcb\/vocab\/skos\/3270","https:\/\/adm.senado.leg.br\/vcb\/vocab\/skos\/3271"]}