{"@context":{"dc":"http:\/\/purl.org\/dc\/elements\/1.1\/","skos":"http:\/\/www.w3.org\/2004\/02\/skos\/core#","skos:broader":{"@type":"@id"},"skos:inScheme":{"@type":"@id"},"skos:related":{"@type":"@id"},"skos:narrower":{"@type":"@id"},"skos:hasTopConcept":{"@type":"@id"},"skos:topConceptOf":{"@type":"@id"}},"@id":"https:\/\/adm.senado.leg.br\/vcb\/vocab\/skos\/3265","@type":"skos:Concept","skos:prefLabel":{"@language":"pt-BR","@value=":"Arquivo intermedi\u00e1rio"},"skos:inScheme":"https:\/\/adm.senado.leg.br\/vcb\/vocab\/","dct:created":"2020-09-18 17:43:06","skos:definition":[{"@lang":"ab","@value":"Arquivo constitu\u00eddo por documentos que n\u00e3o sendo de uso corrente, aguardam em local fora das unidades administrativas, sua destina\u00e7\u00e3o final. Unidade ou \u00f3rg\u00e3o respons\u00e1vel pelo arquivo intermedi\u00e1rio.$vUNIVERSIDADE DE BRAS\u00cdLIA. Gloss\u00e1rio da Faculdade de Ci\u00eancia da Informa\u00e7\u00e3o. "}],"skos:broader":["https:\/\/adm.senado.leg.br\/vcb\/vocab\/skos\/3263"],"skos:related":["https:\/\/adm.senado.leg.br\/vcb\/vocab\/skos\/3269","https:\/\/adm.senado.leg.br\/vcb\/vocab\/skos\/3270","https:\/\/adm.senado.leg.br\/vcb\/vocab\/skos\/3290","https:\/\/adm.senado.leg.br\/vcb\/vocab\/skos\/3279"]}