{"@context":{"dc":"http:\/\/purl.org\/dc\/elements\/1.1\/","skos":"http:\/\/www.w3.org\/2004\/02\/skos\/core#","skos:broader":{"@type":"@id"},"skos:inScheme":{"@type":"@id"},"skos:related":{"@type":"@id"},"skos:narrower":{"@type":"@id"},"skos:hasTopConcept":{"@type":"@id"},"skos:topConceptOf":{"@type":"@id"}},"@id":"https:\/\/adm.senado.leg.br\/vcb\/vocab\/skos\/329","@type":"skos:Concept","skos:prefLabel":{"@language":"pt-BR","@value=":"Acessibilidade (direitos humanos)"},"skos:inScheme":"https:\/\/adm.senado.leg.br\/vcb\/vocab\/","dct:created":"2020-09-18 17:42:57","dct:modified":"2022-05-11 09:12:58","skos:definition":[{"@lang":"ab","@value":"\"Possibilidade e condi\u00e7\u00e3o de alcance para utiliza\u00e7\u00e3o, com seguran\u00e7a e autonomia, dos espa\u00e7os, mobili\u00e1rios e equipamentos urbanos, das edifica\u00e7\u00f5es, dos transportes e dos sistemas e meios de comunica\u00e7\u00e3o, por pessoa portadora de defici\u00eancia ou com mobilidade reduzida.\" (Lei 10.098\/2000, art. 2o, I). "}],"skos:narrower":["https:\/\/adm.senado.leg.br\/vcb\/vocab\/skos\/667","https:\/\/adm.senado.leg.br\/vcb\/vocab\/skos\/650"],"skos:broader":["https:\/\/adm.senado.leg.br\/vcb\/vocab\/skos\/11317"],"skos:related":["https:\/\/adm.senado.leg.br\/vcb\/vocab\/skos\/320","https:\/\/adm.senado.leg.br\/vcb\/vocab\/skos\/649","https:\/\/adm.senado.leg.br\/vcb\/vocab\/skos\/651","https:\/\/adm.senado.leg.br\/vcb\/vocab\/skos\/652","https:\/\/adm.senado.leg.br\/vcb\/vocab\/skos\/653","https:\/\/adm.senado.leg.br\/vcb\/vocab\/skos\/654","https:\/\/adm.senado.leg.br\/vcb\/vocab\/skos\/336","https:\/\/adm.senado.leg.br\/vcb\/vocab\/skos\/337","https:\/\/adm.senado.leg.br\/vcb\/vocab\/skos\/655","https:\/\/adm.senado.leg.br\/vcb\/vocab\/skos\/656","https:\/\/adm.senado.leg.br\/vcb\/vocab\/skos\/29969","https:\/\/adm.senado.leg.br\/vcb\/vocab\/skos\/657","https:\/\/adm.senado.leg.br\/vcb\/vocab\/skos\/658","https:\/\/adm.senado.leg.br\/vcb\/vocab\/skos\/659","https:\/\/adm.senado.leg.br\/vcb\/vocab\/skos\/660","https:\/\/adm.senado.leg.br\/vcb\/vocab\/skos\/661","https:\/\/adm.senado.leg.br\/vcb\/vocab\/skos\/662","https:\/\/adm.senado.leg.br\/vcb\/vocab\/skos\/663","https:\/\/adm.senado.leg.br\/vcb\/vocab\/skos\/664","https:\/\/adm.senado.leg.br\/vcb\/vocab\/skos\/665","https:\/\/adm.senado.leg.br\/vcb\/vocab\/skos\/666"]}