{"@context":{"dc":"http:\/\/purl.org\/dc\/elements\/1.1\/","skos":"http:\/\/www.w3.org\/2004\/02\/skos\/core#","skos:broader":{"@type":"@id"},"skos:inScheme":{"@type":"@id"},"skos:related":{"@type":"@id"},"skos:narrower":{"@type":"@id"},"skos:hasTopConcept":{"@type":"@id"},"skos:topConceptOf":{"@type":"@id"}},"@id":"https:\/\/adm.senado.leg.br\/vcb\/vocab\/skos\/3316","@type":"skos:Concept","skos:prefLabel":{"@language":"pt-BR","@value=":"Pol\u00edtica industrial"},"skos:inScheme":"https:\/\/adm.senado.leg.br\/vcb\/vocab\/","dct:created":"2020-09-18 17:43:06","skos:narrower":["https:\/\/adm.senado.leg.br\/vcb\/vocab\/skos\/8175","https:\/\/adm.senado.leg.br\/vcb\/vocab\/skos\/3318","https:\/\/adm.senado.leg.br\/vcb\/vocab\/skos\/10720","https:\/\/adm.senado.leg.br\/vcb\/vocab\/skos\/12554","https:\/\/adm.senado.leg.br\/vcb\/vocab\/skos\/12061"],"skos:broader":["https:\/\/adm.senado.leg.br\/vcb\/vocab\/skos\/125","https:\/\/adm.senado.leg.br\/vcb\/vocab\/skos\/4571"],"skos:altLabel":[{"language":"pt-BR","value":"Estado e ind\u00fastria"},{"language":"pt-BR","value":"Ind\u00fastria e Estado"},{"language":"pt-BR","value":"Ind\u00fastria, pol\u00edtica governamental"},{"language":"pt-BR","value":"Neg\u00f3cios, pol\u00edtica governamental"},{"language":"pt-BR","value":"Promo\u00e7\u00e3o industrial"}],"skos:related":["https:\/\/adm.senado.leg.br\/vcb\/vocab\/skos\/3309","https:\/\/adm.senado.leg.br\/vcb\/vocab\/skos\/5906","https:\/\/adm.senado.leg.br\/vcb\/vocab\/skos\/9330","https:\/\/adm.senado.leg.br\/vcb\/vocab\/skos\/3315","https:\/\/adm.senado.leg.br\/vcb\/vocab\/skos\/12524","https:\/\/adm.senado.leg.br\/vcb\/vocab\/skos\/16501","https:\/\/adm.senado.leg.br\/vcb\/vocab\/skos\/11777","https:\/\/adm.senado.leg.br\/vcb\/vocab\/skos\/12551"]}