{"@context":{"dc":"http:\/\/purl.org\/dc\/elements\/1.1\/","skos":"http:\/\/www.w3.org\/2004\/02\/skos\/core#","skos:broader":{"@type":"@id"},"skos:inScheme":{"@type":"@id"},"skos:related":{"@type":"@id"},"skos:narrower":{"@type":"@id"},"skos:hasTopConcept":{"@type":"@id"},"skos:topConceptOf":{"@type":"@id"}},"@id":"https:\/\/adm.senado.leg.br\/vcb\/vocab\/skos\/332","@type":"skos:Concept","skos:prefLabel":{"@language":"pt-BR","@value=":"Discrimina\u00e7\u00e3o racial"},"skos:inScheme":"https:\/\/adm.senado.leg.br\/vcb\/vocab\/","dct:created":"2020-09-18 17:42:57","skos:scopeNote":[{"@lang":"ab","@value":"Usar para obras limitadas a comportamentos discriminat\u00f3rios declarados contra grupos raciais ou \u00e9tnicos. "}],"skos:narrower":["https:\/\/adm.senado.leg.br\/vcb\/vocab\/skos\/2643","https:\/\/adm.senado.leg.br\/vcb\/vocab\/skos\/2765","https:\/\/adm.senado.leg.br\/vcb\/vocab\/skos\/2649"],"skos:broader":["https:\/\/adm.senado.leg.br\/vcb\/vocab\/skos\/7200","https:\/\/adm.senado.leg.br\/vcb\/vocab\/skos\/11938"],"skos:altLabel":[{"language":"pt-BR","value":"Desigualdade racial"},{"language":"pt-BR","value":"Discrimina\u00e7\u00e3o \u00e9tnica"},{"language":"pt-BR","value":"Igualdade racial"},{"language":"pt-BR","value":"Preconceito racial"},{"language":"pt-BR","value":"Ra\u00e7a, discrimina\u00e7\u00e3o"}],"skos:related":["https:\/\/adm.senado.leg.br\/vcb\/vocab\/skos\/320","https:\/\/adm.senado.leg.br\/vcb\/vocab\/skos\/29540","https:\/\/adm.senado.leg.br\/vcb\/vocab\/skos\/8520","https:\/\/adm.senado.leg.br\/vcb\/vocab\/skos\/29279","https:\/\/adm.senado.leg.br\/vcb\/vocab\/skos\/8415","https:\/\/adm.senado.leg.br\/vcb\/vocab\/skos\/8416","https:\/\/adm.senado.leg.br\/vcb\/vocab\/skos\/150","https:\/\/adm.senado.leg.br\/vcb\/vocab\/skos\/7178","https:\/\/adm.senado.leg.br\/vcb\/vocab\/skos\/2702","https:\/\/adm.senado.leg.br\/vcb\/vocab\/skos\/2768","https:\/\/adm.senado.leg.br\/vcb\/vocab\/skos\/2648"]}