{"@context":{"dc":"http:\/\/purl.org\/dc\/elements\/1.1\/","skos":"http:\/\/www.w3.org\/2004\/02\/skos\/core#","skos:broader":{"@type":"@id"},"skos:inScheme":{"@type":"@id"},"skos:related":{"@type":"@id"},"skos:narrower":{"@type":"@id"},"skos:hasTopConcept":{"@type":"@id"},"skos:topConceptOf":{"@type":"@id"}},"@id":"https:\/\/adm.senado.leg.br\/vcb\/vocab\/skos\/3326","@type":"skos:Concept","skos:prefLabel":{"@language":"pt-BR","@value=":"Finan\u00e7as p\u00fablicas"},"skos:inScheme":"https:\/\/adm.senado.leg.br\/vcb\/vocab\/","dct:created":"2020-09-18 17:43:06","skos:definition":[{"@lang":"ab","@value":"Conjunto de a\u00e7\u00f5es e problemas que integram o processo de arrecada\u00e7\u00e3o e execu\u00e7\u00e3o de despesas pela administra\u00e7\u00e3o p\u00fablica e a gest\u00e3o do patrim\u00f4nio p\u00fablico. Abrange todos os atos relativos \u00e0 arrecada\u00e7\u00e3o de tributos, capta\u00e7\u00e3o de outros recursos, formula\u00e7\u00e3o e execu\u00e7\u00e3o dos or\u00e7amentos, realiza\u00e7\u00e3o de compras, fiscaliza\u00e7\u00e3o, controle interno e presta\u00e7\u00e3o de contas.$vS\u00c3O PAULO. Secretaria da Fazenda. Gloss\u00e1rio. "}],"skos:narrower":["https:\/\/adm.senado.leg.br\/vcb\/vocab\/skos\/1854","https:\/\/adm.senado.leg.br\/vcb\/vocab\/skos\/9552","https:\/\/adm.senado.leg.br\/vcb\/vocab\/skos\/6290","https:\/\/adm.senado.leg.br\/vcb\/vocab\/skos\/10552","https:\/\/adm.senado.leg.br\/vcb\/vocab\/skos\/15144","https:\/\/adm.senado.leg.br\/vcb\/vocab\/skos\/15147","https:\/\/adm.senado.leg.br\/vcb\/vocab\/skos\/6092","https:\/\/adm.senado.leg.br\/vcb\/vocab\/skos\/3327","https:\/\/adm.senado.leg.br\/vcb\/vocab\/skos\/4709","https:\/\/adm.senado.leg.br\/vcb\/vocab\/skos\/8215","https:\/\/adm.senado.leg.br\/vcb\/vocab\/skos\/21178"],"skos:broader":["https:\/\/adm.senado.leg.br\/vcb\/vocab\/skos\/2287"],"skos:related":["https:\/\/adm.senado.leg.br\/vcb\/vocab\/skos\/1237","https:\/\/adm.senado.leg.br\/vcb\/vocab\/skos\/369","https:\/\/adm.senado.leg.br\/vcb\/vocab\/skos\/8738","https:\/\/adm.senado.leg.br\/vcb\/vocab\/skos\/8767","https:\/\/adm.senado.leg.br\/vcb\/vocab\/skos\/5133","https:\/\/adm.senado.leg.br\/vcb\/vocab\/skos\/8768","https:\/\/adm.senado.leg.br\/vcb\/vocab\/skos\/15151","https:\/\/adm.senado.leg.br\/vcb\/vocab\/skos\/3329","https:\/\/adm.senado.leg.br\/vcb\/vocab\/skos\/8811","https:\/\/adm.senado.leg.br\/vcb\/vocab\/skos\/10256","https:\/\/adm.senado.leg.br\/vcb\/vocab\/skos\/1231","https:\/\/adm.senado.leg.br\/vcb\/vocab\/skos\/2826","https:\/\/adm.senado.leg.br\/vcb\/vocab\/skos\/2116"]}