{"@context":{"dc":"http:\/\/purl.org\/dc\/elements\/1.1\/","skos":"http:\/\/www.w3.org\/2004\/02\/skos\/core#","skos:broader":{"@type":"@id"},"skos:inScheme":{"@type":"@id"},"skos:related":{"@type":"@id"},"skos:narrower":{"@type":"@id"},"skos:hasTopConcept":{"@type":"@id"},"skos:topConceptOf":{"@type":"@id"}},"@id":"https:\/\/adm.senado.leg.br\/vcb\/vocab\/skos\/3327","@type":"skos:Concept","skos:prefLabel":{"@language":"pt-BR","@value=":"Impostos"},"skos:inScheme":"https:\/\/adm.senado.leg.br\/vcb\/vocab\/","dct:created":"2020-09-18 17:43:06","skos:scopeNote":[{"@lang":"pt-BR","@value":"Para impostos com nome pr\u00f3prio, indexar sob o t\u00edtulo uniforme no campo 630. "}],"skos:definition":[{"@lang":"ab","@value":"Contribui\u00e7\u00e3o devida, direta ou indiretamente, do cidad\u00e3o, para a forma\u00e7\u00e3o da receita p\u00fablica, indispens\u00e1vel \u00e0 satisfa\u00e7\u00e3o das necessidades do Estado.$vSILVA, 25. ed., 2004 "},{"@lang":"ab","@value":"Taxas obrigat\u00f3rias pagas ao Estado, que devem reverter \u00e0 coletividade sob forma de benef\u00edcios de interesse geral.$vSANDRONI. Nov\u00edssimo dicion\u00e1rio de economia. "}],"skos:editorialNote":[{"@lang":"ab","@value":"341.396 "}],"skos:narrower":["https:\/\/adm.senado.leg.br\/vcb\/vocab\/skos\/29655","https:\/\/adm.senado.leg.br\/vcb\/vocab\/skos\/16392","https:\/\/adm.senado.leg.br\/vcb\/vocab\/skos\/16393","https:\/\/adm.senado.leg.br\/vcb\/vocab\/skos\/16401","https:\/\/adm.senado.leg.br\/vcb\/vocab\/skos\/16409","https:\/\/adm.senado.leg.br\/vcb\/vocab\/skos\/16410","https:\/\/adm.senado.leg.br\/vcb\/vocab\/skos\/16408","https:\/\/adm.senado.leg.br\/vcb\/vocab\/skos\/16396","https:\/\/adm.senado.leg.br\/vcb\/vocab\/skos\/29380","https:\/\/adm.senado.leg.br\/vcb\/vocab\/skos\/16418","https:\/\/adm.senado.leg.br\/vcb\/vocab\/skos\/16419","https:\/\/adm.senado.leg.br\/vcb\/vocab\/skos\/16423","https:\/\/adm.senado.leg.br\/vcb\/vocab\/skos\/16416","https:\/\/adm.senado.leg.br\/vcb\/vocab\/skos\/16426","https:\/\/adm.senado.leg.br\/vcb\/vocab\/skos\/16403","https:\/\/adm.senado.leg.br\/vcb\/vocab\/skos\/16429","https:\/\/adm.senado.leg.br\/vcb\/vocab\/skos\/16433","https:\/\/adm.senado.leg.br\/vcb\/vocab\/skos\/16435","https:\/\/adm.senado.leg.br\/vcb\/vocab\/skos\/16436"],"skos:broader":["https:\/\/adm.senado.leg.br\/vcb\/vocab\/skos\/7473","https:\/\/adm.senado.leg.br\/vcb\/vocab\/skos\/3326","https:\/\/adm.senado.leg.br\/vcb\/vocab\/skos\/3329","https:\/\/adm.senado.leg.br\/vcb\/vocab\/skos\/2116"],"skos:altLabel":[{"language":"pt-BR","value":"Imposto"}],"skos:related":["https:\/\/adm.senado.leg.br\/vcb\/vocab\/skos\/1237","https:\/\/adm.senado.leg.br\/vcb\/vocab\/skos\/1229","https:\/\/adm.senado.leg.br\/vcb\/vocab\/skos\/3801","https:\/\/adm.senado.leg.br\/vcb\/vocab\/skos\/5803","https:\/\/adm.senado.leg.br\/vcb\/vocab\/skos\/16438","https:\/\/adm.senado.leg.br\/vcb\/vocab\/skos\/9485"]}