{"@context":{"dc":"http:\/\/purl.org\/dc\/elements\/1.1\/","skos":"http:\/\/www.w3.org\/2004\/02\/skos\/core#","skos:broader":{"@type":"@id"},"skos:inScheme":{"@type":"@id"},"skos:related":{"@type":"@id"},"skos:narrower":{"@type":"@id"},"skos:hasTopConcept":{"@type":"@id"},"skos:topConceptOf":{"@type":"@id"}},"@id":"https:\/\/adm.senado.leg.br\/vcb\/vocab\/skos\/3328","@type":"skos:Concept","skos:prefLabel":{"@language":"pt-BR","@value=":"Princ\u00edpio do equil\u00edbrio or\u00e7ament\u00e1rio"},"skos:inScheme":"https:\/\/adm.senado.leg.br\/vcb\/vocab\/","dct:created":"2020-09-18 17:43:06","skos:definition":[{"@lang":"ab","@value":"Por este princ\u00edpio, ao se elaborar a proposta or\u00e7ament\u00e1ria anual, as despesas programadas devem se limitar \u00e0 estimativa de arrecada\u00e7\u00e3o das receitas que lhes dar\u00e3o cobertura.$vMAGALH\u00c3ES, Jos\u00e9 Moreira. Or\u00e7amentos e reservas financeiras. "}],"skos:altLabel":[{"language":"pt-BR","value":"Equil\u00edbrio or\u00e7ament\u00e1rio"}],"skos:related":["https:\/\/adm.senado.leg.br\/vcb\/vocab\/skos\/1237","https:\/\/adm.senado.leg.br\/vcb\/vocab\/skos\/2431","https:\/\/adm.senado.leg.br\/vcb\/vocab\/skos\/11025"]}