{"@context":{"dc":"http:\/\/purl.org\/dc\/elements\/1.1\/","skos":"http:\/\/www.w3.org\/2004\/02\/skos\/core#","skos:broader":{"@type":"@id"},"skos:inScheme":{"@type":"@id"},"skos:related":{"@type":"@id"},"skos:narrower":{"@type":"@id"},"skos:hasTopConcept":{"@type":"@id"},"skos:topConceptOf":{"@type":"@id"}},"@id":"https:\/\/adm.senado.leg.br\/vcb\/vocab\/skos\/334","@type":"skos:Concept","skos:prefLabel":{"@language":"pt-BR","@value=":"Discrimina\u00e7\u00e3o sexual"},"skos:inScheme":"https:\/\/adm.senado.leg.br\/vcb\/vocab\/","dct:created":"2020-09-18 17:42:57","skos:narrower":["https:\/\/adm.senado.leg.br\/vcb\/vocab\/skos\/11937"],"skos:broader":["https:\/\/adm.senado.leg.br\/vcb\/vocab\/skos\/7200","https:\/\/adm.senado.leg.br\/vcb\/vocab\/skos\/11955"],"skos:altLabel":[{"language":"pt-BR","value":"Discrimina\u00e7\u00e3o de sexo"},{"language":"pt-BR","value":"Mulher, discrimina\u00e7\u00e3o"},{"language":"pt-BR","value":"Sexo, discrimina\u00e7\u00e3o"}],"skos:related":["https:\/\/adm.senado.leg.br\/vcb\/vocab\/skos\/320","https:\/\/adm.senado.leg.br\/vcb\/vocab\/skos\/311","https:\/\/adm.senado.leg.br\/vcb\/vocab\/skos\/11271","https:\/\/adm.senado.leg.br\/vcb\/vocab\/skos\/29279","https:\/\/adm.senado.leg.br\/vcb\/vocab\/skos\/11807","https:\/\/adm.senado.leg.br\/vcb\/vocab\/skos\/336","https:\/\/adm.senado.leg.br\/vcb\/vocab\/skos\/11953","https:\/\/adm.senado.leg.br\/vcb\/vocab\/skos\/11862","https:\/\/adm.senado.leg.br\/vcb\/vocab\/skos\/339","https:\/\/adm.senado.leg.br\/vcb\/vocab\/skos\/11954"]}