{"@context":{"dc":"http:\/\/purl.org\/dc\/elements\/1.1\/","skos":"http:\/\/www.w3.org\/2004\/02\/skos\/core#","skos:broader":{"@type":"@id"},"skos:inScheme":{"@type":"@id"},"skos:related":{"@type":"@id"},"skos:narrower":{"@type":"@id"},"skos:hasTopConcept":{"@type":"@id"},"skos:topConceptOf":{"@type":"@id"}},"@id":"https:\/\/adm.senado.leg.br\/vcb\/vocab\/skos\/337","@type":"skos:Concept","skos:prefLabel":{"@language":"pt-BR","@value=":"Inclus\u00e3o social"},"skos:inScheme":"https:\/\/adm.senado.leg.br\/vcb\/vocab\/","dct:created":"2020-09-18 17:42:57","skos:definition":[{"@lang":"ab","@value":"A\u00e7\u00e3o pela qual os exclu\u00eddos, atrav\u00e9s da participa\u00e7\u00e3o em a\u00e7\u00f5es coletivas, s\u00e3o capazes de recuperar sua dignidade e conseguem, al\u00e9m de emprego e renda, acesso \u00e0 moradia decente, facilidades culturais e servi\u00e7os sociais, como educa\u00e7\u00e3o e sa\u00fade \u00adRATTNER. "}],"skos:narrower":["https:\/\/adm.senado.leg.br\/vcb\/vocab\/skos\/685"],"skos:broader":["https:\/\/adm.senado.leg.br\/vcb\/vocab\/skos\/10930"],"skos:related":["https:\/\/adm.senado.leg.br\/vcb\/vocab\/skos\/320","https:\/\/adm.senado.leg.br\/vcb\/vocab\/skos\/329","https:\/\/adm.senado.leg.br\/vcb\/vocab\/skos\/612","https:\/\/adm.senado.leg.br\/vcb\/vocab\/skos\/3723","https:\/\/adm.senado.leg.br\/vcb\/vocab\/skos\/10957","https:\/\/adm.senado.leg.br\/vcb\/vocab\/skos\/1037","https:\/\/adm.senado.leg.br\/vcb\/vocab\/skos\/657","https:\/\/adm.senado.leg.br\/vcb\/vocab\/skos\/4233","https:\/\/adm.senado.leg.br\/vcb\/vocab\/skos\/659","https:\/\/adm.senado.leg.br\/vcb\/vocab\/skos\/3726","https:\/\/adm.senado.leg.br\/vcb\/vocab\/skos\/4571","https:\/\/adm.senado.leg.br\/vcb\/vocab\/skos\/4572","https:\/\/adm.senado.leg.br\/vcb\/vocab\/skos\/664"]}