{"@context":{"dc":"http:\/\/purl.org\/dc\/elements\/1.1\/","skos":"http:\/\/www.w3.org\/2004\/02\/skos\/core#","skos:broader":{"@type":"@id"},"skos:inScheme":{"@type":"@id"},"skos:related":{"@type":"@id"},"skos:narrower":{"@type":"@id"},"skos:hasTopConcept":{"@type":"@id"},"skos:topConceptOf":{"@type":"@id"}},"@id":"https:\/\/adm.senado.leg.br\/vcb\/vocab\/skos\/3386","@type":"skos:Concept","skos:prefLabel":{"@language":"pt-BR","@value=":"Fotografia"},"skos:inScheme":"https:\/\/adm.senado.leg.br\/vcb\/vocab\/","dct:created":"2020-09-18 17:43:06","skos:definition":[{"@lang":"ab","@value":"Foto (luz) + grafia (escrita) = fotografia. Processo de fixar numa superf\u00edcie sens\u00edvel, por meio da luz a imagem dos objetos.$vDICION\u00c1RIO informal. "}],"skos:narrower":["https:\/\/adm.senado.leg.br\/vcb\/vocab\/skos\/2519","https:\/\/adm.senado.leg.br\/vcb\/vocab\/skos\/1430","https:\/\/adm.senado.leg.br\/vcb\/vocab\/skos\/15387","https:\/\/adm.senado.leg.br\/vcb\/vocab\/skos\/15388","https:\/\/adm.senado.leg.br\/vcb\/vocab\/skos\/15389"],"skos:broader":["https:\/\/adm.senado.leg.br\/vcb\/vocab\/skos\/4908","https:\/\/adm.senado.leg.br\/vcb\/vocab\/skos\/4338"],"skos:altLabel":[{"language":"pt-BR","value":"Foto"},{"language":"pt-BR","value":"Fotografias"}],"skos:related":["https:\/\/adm.senado.leg.br\/vcb\/vocab\/skos\/3218","https:\/\/adm.senado.leg.br\/vcb\/vocab\/skos\/11122","https:\/\/adm.senado.leg.br\/vcb\/vocab\/skos\/11124","https:\/\/adm.senado.leg.br\/vcb\/vocab\/skos\/3478","https:\/\/adm.senado.leg.br\/vcb\/vocab\/skos\/29619","https:\/\/adm.senado.leg.br\/vcb\/vocab\/skos\/7085"]}