{"@context":{"dc":"http:\/\/purl.org\/dc\/elements\/1.1\/","skos":"http:\/\/www.w3.org\/2004\/02\/skos\/core#","skos:broader":{"@type":"@id"},"skos:inScheme":{"@type":"@id"},"skos:related":{"@type":"@id"},"skos:narrower":{"@type":"@id"},"skos:hasTopConcept":{"@type":"@id"},"skos:topConceptOf":{"@type":"@id"}},"@id":"https:\/\/adm.senado.leg.br\/vcb\/vocab\/skos\/349","@type":"skos:Concept","skos:prefLabel":{"@language":"pt-BR","@value=":"A\u00e7\u00e3o judicial"},"skos:inScheme":"https:\/\/adm.senado.leg.br\/vcb\/vocab\/","dct:created":"2020-09-18 17:42:57","skos:definition":[{"@lang":"ab","@value":"Direito subjetivo de uma pessoa de exigir do Estado-juiz uma tutela para seus pr\u00f3prios\u00a0direitos ou a presta\u00e7\u00e3o jurisdicional nos casos em que existe lit\u00edgio. A\u00e7\u00e3o \u00e9 o direito de provocar a\u00a0presta\u00e7\u00e3o jurisdicional do Estado, provocando a jurisdi\u00e7\u00e3o a um pronunciamento, e n\u00e3o uma decis\u00e3o de\u00a0determinado conte\u00fado. Invoca\u00e7\u00e3o formal de uma pretens\u00e3o, objetivamente tutelada pela lei, perante o\u00a0Poder Judici\u00e1rio. "}],"skos:editorialNote":[{"@lang":"ab","@value":"341.4 "}],"skos:narrower":["https:\/\/adm.senado.leg.br\/vcb\/vocab\/skos\/355","https:\/\/adm.senado.leg.br\/vcb\/vocab\/skos\/368","https:\/\/adm.senado.leg.br\/vcb\/vocab\/skos\/380","https:\/\/adm.senado.leg.br\/vcb\/vocab\/skos\/388","https:\/\/adm.senado.leg.br\/vcb\/vocab\/skos\/379","https:\/\/adm.senado.leg.br\/vcb\/vocab\/skos\/399","https:\/\/adm.senado.leg.br\/vcb\/vocab\/skos\/404","https:\/\/adm.senado.leg.br\/vcb\/vocab\/skos\/411","https:\/\/adm.senado.leg.br\/vcb\/vocab\/skos\/414","https:\/\/adm.senado.leg.br\/vcb\/vocab\/skos\/418","https:\/\/adm.senado.leg.br\/vcb\/vocab\/skos\/382","https:\/\/adm.senado.leg.br\/vcb\/vocab\/skos\/429","https:\/\/adm.senado.leg.br\/vcb\/vocab\/skos\/433","https:\/\/adm.senado.leg.br\/vcb\/vocab\/skos\/437","https:\/\/adm.senado.leg.br\/vcb\/vocab\/skos\/297","https:\/\/adm.senado.leg.br\/vcb\/vocab\/skos\/461","https:\/\/adm.senado.leg.br\/vcb\/vocab\/skos\/466","https:\/\/adm.senado.leg.br\/vcb\/vocab\/skos\/544","https:\/\/adm.senado.leg.br\/vcb\/vocab\/skos\/468","https:\/\/adm.senado.leg.br\/vcb\/vocab\/skos\/298","https:\/\/adm.senado.leg.br\/vcb\/vocab\/skos\/483","https:\/\/adm.senado.leg.br\/vcb\/vocab\/skos\/487","https:\/\/adm.senado.leg.br\/vcb\/vocab\/skos\/488","https:\/\/adm.senado.leg.br\/vcb\/vocab\/skos\/494","https:\/\/adm.senado.leg.br\/vcb\/vocab\/skos\/504","https:\/\/adm.senado.leg.br\/vcb\/vocab\/skos\/447","https:\/\/adm.senado.leg.br\/vcb\/vocab\/skos\/508","https:\/\/adm.senado.leg.br\/vcb\/vocab\/skos\/499","https:\/\/adm.senado.leg.br\/vcb\/vocab\/skos\/450","https:\/\/adm.senado.leg.br\/vcb\/vocab\/skos\/526","https:\/\/adm.senado.leg.br\/vcb\/vocab\/skos\/529","https:\/\/adm.senado.leg.br\/vcb\/vocab\/skos\/545","https:\/\/adm.senado.leg.br\/vcb\/vocab\/skos\/365","https:\/\/adm.senado.leg.br\/vcb\/vocab\/skos\/546","https:\/\/adm.senado.leg.br\/vcb\/vocab\/skos\/547","https:\/\/adm.senado.leg.br\/vcb\/vocab\/skos\/548","https:\/\/adm.senado.leg.br\/vcb\/vocab\/skos\/367","https:\/\/adm.senado.leg.br\/vcb\/vocab\/skos\/549","https:\/\/adm.senado.leg.br\/vcb\/vocab\/skos\/550","https:\/\/adm.senado.leg.br\/vcb\/vocab\/skos\/552","https:\/\/adm.senado.leg.br\/vcb\/vocab\/skos\/553","https:\/\/adm.senado.leg.br\/vcb\/vocab\/skos\/4491","https:\/\/adm.senado.leg.br\/vcb\/vocab\/skos\/554","https:\/\/adm.senado.leg.br\/vcb\/vocab\/skos\/12864","https:\/\/adm.senado.leg.br\/vcb\/vocab\/skos\/14709","https:\/\/adm.senado.leg.br\/vcb\/vocab\/skos\/555","https:\/\/adm.senado.leg.br\/vcb\/vocab\/skos\/19907","https:\/\/adm.senado.leg.br\/vcb\/vocab\/skos\/556","https:\/\/adm.senado.leg.br\/vcb\/vocab\/skos\/11547","https:\/\/adm.senado.leg.br\/vcb\/vocab\/skos\/557","https:\/\/adm.senado.leg.br\/vcb\/vocab\/skos\/1325","https:\/\/adm.senado.leg.br\/vcb\/vocab\/skos\/558","https:\/\/adm.senado.leg.br\/vcb\/vocab\/skos\/559","https:\/\/adm.senado.leg.br\/vcb\/vocab\/skos\/560","https:\/\/adm.senado.leg.br\/vcb\/vocab\/skos\/4738","https:\/\/adm.senado.leg.br\/vcb\/vocab\/skos\/4208"],"skos:broader":["https:\/\/adm.senado.leg.br\/vcb\/vocab\/skos\/543"],"skos:altLabel":[{"language":"pt-BR","value":"A\u00e7\u00e3o"},{"language":"pt-BR","value":"A\u00e7\u00e3o judici\u00e1ria"},{"language":"pt-BR","value":"A\u00e7\u00e3o processual"},{"language":"pt-BR","value":"Causa judicial"},{"language":"pt-BR","value":"Processo"},{"language":"pt-BR","value":"Processo judicial"}],"skos:related":["https:\/\/adm.senado.leg.br\/vcb\/vocab\/skos\/539","https:\/\/adm.senado.leg.br\/vcb\/vocab\/skos\/22766","https:\/\/adm.senado.leg.br\/vcb\/vocab\/skos\/540","https:\/\/adm.senado.leg.br\/vcb\/vocab\/skos\/541","https:\/\/adm.senado.leg.br\/vcb\/vocab\/skos\/29780","https:\/\/adm.senado.leg.br\/vcb\/vocab\/skos\/542"]}