{"@context":{"dc":"http:\/\/purl.org\/dc\/elements\/1.1\/","skos":"http:\/\/www.w3.org\/2004\/02\/skos\/core#","skos:broader":{"@type":"@id"},"skos:inScheme":{"@type":"@id"},"skos:related":{"@type":"@id"},"skos:narrower":{"@type":"@id"},"skos:hasTopConcept":{"@type":"@id"},"skos:topConceptOf":{"@type":"@id"}},"@id":"https:\/\/adm.senado.leg.br\/vcb\/vocab\/skos\/3530","@type":"skos:Concept","skos:prefLabel":{"@language":"pt-BR","@value=":"Polui\u00e7\u00e3o"},"skos:inScheme":"https:\/\/adm.senado.leg.br\/vcb\/vocab\/","dct:created":"2020-09-18 17:43:07","skos:definition":[{"@lang":"ab","@value":"Degrada\u00e7\u00e3o da qualidade ambiental resultante das atividades que direta ou indiretamente prejudiquem a sa\u00fade, a seguran\u00e7a e o bem-estar da popula\u00e7\u00e3o, criem condi\u00e7\u00f5es adversas \u00e0s atividades sociais e econ\u00f4micas, afetem desfavoravelmente a biota, afetem as condi\u00e7\u00f5es est\u00e9ticas ou sanit\u00e1rias do meio ambiente, e lancem materiais ou energia em desacordo com os padr\u00f5es ambientais estabelecidos.$vIBGE. Vocabul\u00e1rio b\u00e1sico de recursos naturais e meio ambiente. 2. ed. Rio da Janeiro, 2004. "}],"skos:narrower":["https:\/\/adm.senado.leg.br\/vcb\/vocab\/skos\/8780","https:\/\/adm.senado.leg.br\/vcb\/vocab\/skos\/8781","https:\/\/adm.senado.leg.br\/vcb\/vocab\/skos\/29017","https:\/\/adm.senado.leg.br\/vcb\/vocab\/skos\/1809","https:\/\/adm.senado.leg.br\/vcb\/vocab\/skos\/6839","https:\/\/adm.senado.leg.br\/vcb\/vocab\/skos\/1810","https:\/\/adm.senado.leg.br\/vcb\/vocab\/skos\/22290","https:\/\/adm.senado.leg.br\/vcb\/vocab\/skos\/8176","https:\/\/adm.senado.leg.br\/vcb\/vocab\/skos\/20155","https:\/\/adm.senado.leg.br\/vcb\/vocab\/skos\/29547","https:\/\/adm.senado.leg.br\/vcb\/vocab\/skos\/4199"],"skos:broader":["https:\/\/adm.senado.leg.br\/vcb\/vocab\/skos\/9732"],"skos:altLabel":[{"language":"pt-BR","value":"Contamina\u00e7\u00e3o ambiental"},{"language":"pt-BR","value":"Meio ambiente, contamina\u00e7\u00e3o"},{"language":"pt-BR","value":"Polui\u00e7\u00e3o ambiental"}],"skos:related":["https:\/\/adm.senado.leg.br\/vcb\/vocab\/skos\/6828","https:\/\/adm.senado.leg.br\/vcb\/vocab\/skos\/9183","https:\/\/adm.senado.leg.br\/vcb\/vocab\/skos\/9698","https:\/\/adm.senado.leg.br\/vcb\/vocab\/skos\/756","https:\/\/adm.senado.leg.br\/vcb\/vocab\/skos\/8777","https:\/\/adm.senado.leg.br\/vcb\/vocab\/skos\/375","https:\/\/adm.senado.leg.br\/vcb\/vocab\/skos\/1507","https:\/\/adm.senado.leg.br\/vcb\/vocab\/skos\/6719","https:\/\/adm.senado.leg.br\/vcb\/vocab\/skos\/20208","https:\/\/adm.senado.leg.br\/vcb\/vocab\/skos\/3888"]}