{"@context":{"dc":"http:\/\/purl.org\/dc\/elements\/1.1\/","skos":"http:\/\/www.w3.org\/2004\/02\/skos\/core#","skos:broader":{"@type":"@id"},"skos:inScheme":{"@type":"@id"},"skos:related":{"@type":"@id"},"skos:narrower":{"@type":"@id"},"skos:hasTopConcept":{"@type":"@id"},"skos:topConceptOf":{"@type":"@id"}},"@id":"https:\/\/adm.senado.leg.br\/vcb\/vocab\/skos\/3533","@type":"skos:Concept","skos:prefLabel":{"@language":"pt-BR","@value=":"Ass\u00e9dio moral"},"skos:inScheme":"https:\/\/adm.senado.leg.br\/vcb\/vocab\/","dct:created":"2020-09-18 17:43:07","skos:definition":[{"@lang":"ab","@value":"Conduta abusiva, de natureza psicol\u00f3gica, que atenta contra a dignidade ps\u00edquica, de forma repetitiva e prolongada, e que exp\u00f5e o trabalhador a situa\u00e7\u00f5es humilhantes e constrangedoras, capazes de causar ofensa \u00e0 personalidade, \u00e0 dignidade ou \u00e0 integridade ps\u00edquica, e que tenha por efeito excluir a posi\u00e7\u00e3o do empregado no emprego ou deteriorar o ambiente de trabalho, durante a jornada de trabalho e no exerc\u00edcio de suas fun\u00e7\u00f5es (NASCIMENTO, S\u00f4nia A. C. Mascaro). "},{"@lang":"ab","@value":"Exposi\u00e7\u00e3o dos trabalhadores e trabalhadoras a situa\u00e7\u00f5es humilhantes e constrangedoras, repetitivas e prolongadas durante a jornada de trabalho e no exerc\u00edcio de suas fun\u00e7\u00f5es, sendo mais comuns em rela\u00e7\u00f5es hier\u00e1rquicas autorit\u00e1rias e assim\u00e9tricas, em que predominam condutas negativas, rela\u00e7\u00f5es desumanas e a\u00e9ticas de longa dura\u00e7\u00e3o, de um ou mais chefes dirigida a um ou mais subordinado(s), desestabilizando a rela\u00e7\u00e3o da v\u00edtima com o ambiente de trabalho e a organiza\u00e7\u00e3o, for\u00e7ando-o a desistir do emprego.$vASS\u00c9DIO moral no trabalho. "}],"skos:editorialNote":[{"@lang":"pt-BR","@value":"342.6 "}],"skos:narrower":["https:\/\/adm.senado.leg.br\/vcb\/vocab\/skos\/3544","https:\/\/adm.senado.leg.br\/vcb\/vocab\/skos\/29351","https:\/\/adm.senado.leg.br\/vcb\/vocab\/skos\/28301","https:\/\/adm.senado.leg.br\/vcb\/vocab\/skos\/269","https:\/\/adm.senado.leg.br\/vcb\/vocab\/skos\/3545","https:\/\/adm.senado.leg.br\/vcb\/vocab\/skos\/3536"],"skos:broader":["https:\/\/adm.senado.leg.br\/vcb\/vocab\/skos\/2218","https:\/\/adm.senado.leg.br\/vcb\/vocab\/skos\/9706","https:\/\/adm.senado.leg.br\/vcb\/vocab\/skos\/1679"],"skos:altLabel":[{"language":"pt-BR","value":"Ass\u00e9dio moral no trabalho"},{"language":"pt-BR","value":"Ass\u00e9dio psicol\u00f3gico"},{"language":"pt-BR","value":"Mobbing"},{"language":"pt-BR","value":"Terror psicol\u00f3gico"},{"language":"pt-BR","value":"Viol\u00eancia moral"},{"language":"pt-BR","value":"Viol\u00eancia psicol\u00f3gica"}],"skos:related":["https:\/\/adm.senado.leg.br\/vcb\/vocab\/skos\/310","https:\/\/adm.senado.leg.br\/vcb\/vocab\/skos\/3541","https:\/\/adm.senado.leg.br\/vcb\/vocab\/skos\/28765","https:\/\/adm.senado.leg.br\/vcb\/vocab\/skos\/15","https:\/\/adm.senado.leg.br\/vcb\/vocab\/skos\/3542","https:\/\/adm.senado.leg.br\/vcb\/vocab\/skos\/3543","https:\/\/adm.senado.leg.br\/vcb\/vocab\/skos\/8643"]}