{"@context":{"dc":"http:\/\/purl.org\/dc\/elements\/1.1\/","skos":"http:\/\/www.w3.org\/2004\/02\/skos\/core#","skos:broader":{"@type":"@id"},"skos:inScheme":{"@type":"@id"},"skos:related":{"@type":"@id"},"skos:narrower":{"@type":"@id"},"skos:hasTopConcept":{"@type":"@id"},"skos:topConceptOf":{"@type":"@id"}},"@id":"https:\/\/adm.senado.leg.br\/vcb\/vocab\/skos\/3545","@type":"skos:Concept","skos:prefLabel":{"@language":"pt-BR","@value=":"Ass\u00e9dio virtual"},"skos:inScheme":"https:\/\/adm.senado.leg.br\/vcb\/vocab\/","dct:created":"2020-09-18 17:43:07","skos:definition":[{"@lang":"ab","@value":"(...) o ass\u00e9dio virtual, tamb\u00e9m denominado de ass\u00e9dio eletr\u00f4nico, ass\u00e9dio digital, cyberbullying e tecnoass\u00e9dio, que consiste no conjunto de a\u00e7\u00f5es ou omiss\u00f5es abusivas, praticadas por meios de comunica\u00e7\u00e3o escritos, orais e visuais, por interm\u00e9dio de plataformas eletr\u00f4nicas, aplicativos de mensagens instant\u00e2neas, correio eletr\u00f4nico ou sistemas informatizados , que violam os direitos fundamentais do trabalhador.$vSANTOS, Claiz Maria Pereira Gun\u00e7a dos; PAMPLONA FILHO, Rodolfo. Conven\u00e7\u00e3o 190 : viol\u00eancia e ass\u00e9dio no mundo do trabalho, Revista do Tribunal Regional do Trabalho da 3\u00aa Regi\u00e3o, Belo Horizonte, v. 66, n. 101, p. 53-80, jan.\/jun. 2020); "}],"skos:broader":["https:\/\/adm.senado.leg.br\/vcb\/vocab\/skos\/3533","https:\/\/adm.senado.leg.br\/vcb\/vocab\/skos\/6848"],"skos:altLabel":[{"language":"pt-BR","value":"Ass\u00e9dio digital"},{"language":"pt-BR","value":"Ass\u00e9dio eletr\u00f4nico"},{"language":"pt-BR","value":"Ass\u00e9dio online"},{"language":"pt-BR","value":"Ass\u00e9dio por computador"},{"language":"pt-BR","value":"Bullying virtual"},{"language":"pt-BR","value":"Ciberbullying"},{"language":"pt-BR","value":"Cyber bullying"},{"language":"pt-BR","value":"Cyberbullying"},{"language":"pt-BR","value":"Online bullying"},{"language":"pt-BR","value":"Tecnoass\u00e9dio"},{"language":"pt-BR","value":"Virtual bullying"}],"skos:related":["https:\/\/adm.senado.leg.br\/vcb\/vocab\/skos\/310","https:\/\/adm.senado.leg.br\/vcb\/vocab\/skos\/28784","https:\/\/adm.senado.leg.br\/vcb\/vocab\/skos\/690"]}