{"@context":{"dc":"http:\/\/purl.org\/dc\/elements\/1.1\/","skos":"http:\/\/www.w3.org\/2004\/02\/skos\/core#","skos:broader":{"@type":"@id"},"skos:inScheme":{"@type":"@id"},"skos:related":{"@type":"@id"},"skos:narrower":{"@type":"@id"},"skos:hasTopConcept":{"@type":"@id"},"skos:topConceptOf":{"@type":"@id"}},"@id":"https:\/\/adm.senado.leg.br\/vcb\/vocab\/skos\/3549","@type":"skos:Concept","skos:prefLabel":{"@language":"pt-BR","@value=":"Direito \u00e0 intimidade"},"skos:inScheme":"https:\/\/adm.senado.leg.br\/vcb\/vocab\/","dct:created":"2020-09-18 17:43:07","skos:definition":[{"@lang":"ab","@value":"Prote\u00e7\u00e3o do indiv\u00edduo a qualquer interfer\u00eancia do Estado e da sociedade \u00e0 sua vida privada (Vocabul\u00e1rio Jur\u00eddico - De Pl\u00e1cido e Silva). "}],"skos:editorialNote":[{"@lang":"ab","@value":"341.2732 "}],"skos:broader":["https:\/\/adm.senado.leg.br\/vcb\/vocab\/skos\/8635"],"skos:related":["https:\/\/adm.senado.leg.br\/vcb\/vocab\/skos\/310","https:\/\/adm.senado.leg.br\/vcb\/vocab\/skos\/26807","https:\/\/adm.senado.leg.br\/vcb\/vocab\/skos\/9993","https:\/\/adm.senado.leg.br\/vcb\/vocab\/skos\/11236","https:\/\/adm.senado.leg.br\/vcb\/vocab\/skos\/11253","https:\/\/adm.senado.leg.br\/vcb\/vocab\/skos\/8643"]}