{"@context":{"dc":"http:\/\/purl.org\/dc\/elements\/1.1\/","skos":"http:\/\/www.w3.org\/2004\/02\/skos\/core#","skos:broader":{"@type":"@id"},"skos:inScheme":{"@type":"@id"},"skos:related":{"@type":"@id"},"skos:narrower":{"@type":"@id"},"skos:hasTopConcept":{"@type":"@id"},"skos:topConceptOf":{"@type":"@id"}},"@id":"https:\/\/adm.senado.leg.br\/vcb\/vocab\/skos\/355","@type":"skos:Concept","skos:prefLabel":{"@language":"pt-BR","@value=":"A\u00e7\u00e3o c\u00edvel"},"skos:inScheme":"https:\/\/adm.senado.leg.br\/vcb\/vocab\/","dct:created":"2020-09-18 17:42:57","skos:definition":[{"@lang":"pt-BR","@value":"A\u00e7\u00e3o atrav\u00e9s da qual a v\u00edtima ou os seus representantes tentam obter uma repara\u00e7\u00e3o pelos danos que lhe tenham sido infligidos devido a uma infra\u00e7\u00e3o.$vEurovoc "}],"skos:editorialNote":[{"@lang":"ab","@value":"341.4622 "}],"skos:narrower":["https:\/\/adm.senado.leg.br\/vcb\/vocab\/skos\/389","https:\/\/adm.senado.leg.br\/vcb\/vocab\/skos\/398","https:\/\/adm.senado.leg.br\/vcb\/vocab\/skos\/363","https:\/\/adm.senado.leg.br\/vcb\/vocab\/skos\/445","https:\/\/adm.senado.leg.br\/vcb\/vocab\/skos\/497","https:\/\/adm.senado.leg.br\/vcb\/vocab\/skos\/364","https:\/\/adm.senado.leg.br\/vcb\/vocab\/skos\/522","https:\/\/adm.senado.leg.br\/vcb\/vocab\/skos\/394","https:\/\/adm.senado.leg.br\/vcb\/vocab\/skos\/366","https:\/\/adm.senado.leg.br\/vcb\/vocab\/skos\/359","https:\/\/adm.senado.leg.br\/vcb\/vocab\/skos\/367","https:\/\/adm.senado.leg.br\/vcb\/vocab\/skos\/491","https:\/\/adm.senado.leg.br\/vcb\/vocab\/skos\/523","https:\/\/adm.senado.leg.br\/vcb\/vocab\/skos\/551","https:\/\/adm.senado.leg.br\/vcb\/vocab\/skos\/606","https:\/\/adm.senado.leg.br\/vcb\/vocab\/skos\/403","https:\/\/adm.senado.leg.br\/vcb\/vocab\/skos\/6168","https:\/\/adm.senado.leg.br\/vcb\/vocab\/skos\/361","https:\/\/adm.senado.leg.br\/vcb\/vocab\/skos\/23416"],"skos:broader":["https:\/\/adm.senado.leg.br\/vcb\/vocab\/skos\/349"],"skos:altLabel":[{"language":"pt-BR","value":"A\u00e7\u00e3o civil"},{"language":"pt-BR","value":"A\u00e7\u00e3o judici\u00e1ria civil"},{"language":"pt-BR","value":"A\u00e7\u00e3o processual civil"}],"skos:related":["https:\/\/adm.senado.leg.br\/vcb\/vocab\/skos\/360","https:\/\/adm.senado.leg.br\/vcb\/vocab\/skos\/597","https:\/\/adm.senado.leg.br\/vcb\/vocab\/skos\/362"]}