{"@context":{"dc":"http:\/\/purl.org\/dc\/elements\/1.1\/","skos":"http:\/\/www.w3.org\/2004\/02\/skos\/core#","skos:broader":{"@type":"@id"},"skos:inScheme":{"@type":"@id"},"skos:related":{"@type":"@id"},"skos:narrower":{"@type":"@id"},"skos:hasTopConcept":{"@type":"@id"},"skos:topConceptOf":{"@type":"@id"}},"@id":"https:\/\/adm.senado.leg.br\/vcb\/vocab\/skos\/3572","@type":"skos:Concept","skos:prefLabel":{"@language":"pt-BR","@value=":"Assentamento humano"},"skos:inScheme":"https:\/\/adm.senado.leg.br\/vcb\/vocab\/","dct:created":"2020-09-18 17:43:07","skos:definition":[{"@lang":"ab","@value":"Ocupa\u00e7\u00e3o, organiza\u00e7\u00e3o, equipamento e utiliza\u00e7\u00e3o do espa\u00e7o para adapt\u00e1-lo \u00e0s necessidades humanas de produ\u00e7\u00e3o e habita\u00e7\u00e3o (Neira, 1982). "}],"skos:narrower":["https:\/\/adm.senado.leg.br\/vcb\/vocab\/skos\/3576","https:\/\/adm.senado.leg.br\/vcb\/vocab\/skos\/2715","https:\/\/adm.senado.leg.br\/vcb\/vocab\/skos\/3764","https:\/\/adm.senado.leg.br\/vcb\/vocab\/skos\/3352"],"skos:broader":["https:\/\/adm.senado.leg.br\/vcb\/vocab\/skos\/2658","https:\/\/adm.senado.leg.br\/vcb\/vocab\/skos\/2662"],"skos:altLabel":[{"language":"pt-BR","value":"Assentamento humano urbano"},{"language":"pt-BR","value":"Assentamento populacional"},{"language":"pt-BR","value":"Reassentamento humano"}],"skos:related":["https:\/\/adm.senado.leg.br\/vcb\/vocab\/skos\/3577","https:\/\/adm.senado.leg.br\/vcb\/vocab\/skos\/3578","https:\/\/adm.senado.leg.br\/vcb\/vocab\/skos\/85","https:\/\/adm.senado.leg.br\/vcb\/vocab\/skos\/3579","https:\/\/adm.senado.leg.br\/vcb\/vocab\/skos\/1265","https:\/\/adm.senado.leg.br\/vcb\/vocab\/skos\/3580","https:\/\/adm.senado.leg.br\/vcb\/vocab\/skos\/3581","https:\/\/adm.senado.leg.br\/vcb\/vocab\/skos\/2717"]}