{"@context":{"dc":"http:\/\/purl.org\/dc\/elements\/1.1\/","skos":"http:\/\/www.w3.org\/2004\/02\/skos\/core#","skos:broader":{"@type":"@id"},"skos:inScheme":{"@type":"@id"},"skos:related":{"@type":"@id"},"skos:narrower":{"@type":"@id"},"skos:hasTopConcept":{"@type":"@id"},"skos:topConceptOf":{"@type":"@id"}},"@id":"https:\/\/adm.senado.leg.br\/vcb\/vocab\/skos\/3576","@type":"skos:Concept","skos:prefLabel":{"@language":"pt-BR","@value=":"Assentamento irregular"},"skos:inScheme":"https:\/\/adm.senado.leg.br\/vcb\/vocab\/","dct:created":"2020-09-18 17:43:07","skos:definition":[{"@lang":"ab","@value":"Ocupa\u00e7\u00e3o inserida em parcelamentos informais ou irregulares, localizada em \u00e1reas urbanas p\u00fablicas ou privadas, utilizada predominantemente para fins de moradia.$vBRASIL. Lei n. 11.977, de 7 de julho de 2009. "}],"skos:narrower":["https:\/\/adm.senado.leg.br\/vcb\/vocab\/skos\/3578"],"skos:broader":["https:\/\/adm.senado.leg.br\/vcb\/vocab\/skos\/3572"],"skos:related":["https:\/\/adm.senado.leg.br\/vcb\/vocab\/skos\/3579","https:\/\/adm.senado.leg.br\/vcb\/vocab\/skos\/3582"]}