{"@context":{"dc":"http:\/\/purl.org\/dc\/elements\/1.1\/","skos":"http:\/\/www.w3.org\/2004\/02\/skos\/core#","skos:broader":{"@type":"@id"},"skos:inScheme":{"@type":"@id"},"skos:related":{"@type":"@id"},"skos:narrower":{"@type":"@id"},"skos:hasTopConcept":{"@type":"@id"},"skos:topConceptOf":{"@type":"@id"}},"@id":"https:\/\/adm.senado.leg.br\/vcb\/vocab\/skos\/3578","@type":"skos:Concept","skos:prefLabel":{"@language":"pt-BR","@value=":"Favela"},"skos:inScheme":"https:\/\/adm.senado.leg.br\/vcb\/vocab\/","dct:created":"2020-09-18 17:43:07","skos:definition":[{"@lang":"ab","@value":"Denomina\u00e7\u00e3o dada, no Brasil, em especial no Rio de Janeiro, a assentamentos humanos espont\u00e2neos e n\u00e3o convencionais, por isso carentes de arruamento e servi\u00e7os de saneamento b\u00e1sico, nos quais as habita\u00e7\u00f5es s\u00e3o constru\u00eddas geralmente pelos pr\u00f3prios moradores, em \u00e1reas de dom\u00ednio p\u00fablico ou em propriedades particulares abandonadas. As favelas surgem quase sempre em terrenos de menor valor imobili\u00e1rio, situados em encosta ou sujeitos a inunda\u00e7\u00e3o, como resultado de condi\u00e7\u00f5es econ\u00f4micas estruturais que provocam o \u00eaxodo da popula\u00e7\u00e3o das zonas rurais para as cidades, em busca de emprego.$vDICION\u00c1RIO ambiental. "}],"skos:broader":["https:\/\/adm.senado.leg.br\/vcb\/vocab\/skos\/3576"],"skos:related":["https:\/\/adm.senado.leg.br\/vcb\/vocab\/skos\/3572","https:\/\/adm.senado.leg.br\/vcb\/vocab\/skos\/12346","https:\/\/adm.senado.leg.br\/vcb\/vocab\/skos\/3579","https:\/\/adm.senado.leg.br\/vcb\/vocab\/skos\/13590"]}