{"@context":{"dc":"http:\/\/purl.org\/dc\/elements\/1.1\/","skos":"http:\/\/www.w3.org\/2004\/02\/skos\/core#","skos:broader":{"@type":"@id"},"skos:inScheme":{"@type":"@id"},"skos:related":{"@type":"@id"},"skos:narrower":{"@type":"@id"},"skos:hasTopConcept":{"@type":"@id"},"skos:topConceptOf":{"@type":"@id"}},"@id":"https:\/\/adm.senado.leg.br\/vcb\/vocab\/skos\/3580","@type":"skos:Concept","skos:prefLabel":{"@language":"pt-BR","@value=":"Popula\u00e7\u00e3o ribeirinha"},"skos:inScheme":"https:\/\/adm.senado.leg.br\/vcb\/vocab\/","dct:created":"2020-09-18 17:43:07","skos:definition":[{"@lang":"ab","@value":"Popula\u00e7\u00e3o tradicional que mora nas proximidades dos rios e sobrevive da pesca artesanal, da ca\u00e7a, do ro\u00e7ado e do extrativismo.$vFUNDAJ. Funda\u00e7\u00e3o Joaquim Nabuco. Biblioteca Blanche Kanopf. Busca por palavras-chave. Ribeirinhos. "}],"skos:broader":["https:\/\/adm.senado.leg.br\/vcb\/vocab\/skos\/6584"],"skos:related":["https:\/\/adm.senado.leg.br\/vcb\/vocab\/skos\/3572","https:\/\/adm.senado.leg.br\/vcb\/vocab\/skos\/12346","https:\/\/adm.senado.leg.br\/vcb\/vocab\/skos\/14808","https:\/\/adm.senado.leg.br\/vcb\/vocab\/skos\/2961","https:\/\/adm.senado.leg.br\/vcb\/vocab\/skos\/3353","https:\/\/adm.senado.leg.br\/vcb\/vocab\/skos\/3817"]}