{"@context":{"dc":"http:\/\/purl.org\/dc\/elements\/1.1\/","skos":"http:\/\/www.w3.org\/2004\/02\/skos\/core#","skos:broader":{"@type":"@id"},"skos:inScheme":{"@type":"@id"},"skos:related":{"@type":"@id"},"skos:narrower":{"@type":"@id"},"skos:hasTopConcept":{"@type":"@id"},"skos:topConceptOf":{"@type":"@id"}},"@id":"https:\/\/adm.senado.leg.br\/vcb\/vocab\/skos\/3586","@type":"skos:Concept","skos:prefLabel":{"@language":"pt-BR","@value=":"Im\u00f3vel rural"},"skos:inScheme":"https:\/\/adm.senado.leg.br\/vcb\/vocab\/","dct:created":"2020-09-18 17:43:07","skos:definition":[{"@lang":"ab-AB","@value":"\u00c1rea formada por uma ou mais matr\u00edculas de terras cont\u00ednuas, do mesmo titular (propriet\u00e1rio ou posseiro), localizada tanto na zona rural quanto urbana do munic\u00edpio. O que caracteriza \u00e9 a sua destina\u00e7\u00e3o agr\u00edcola, pecu\u00e1ria, extrativa vegetal, florestal ou agroindustrial.$uhttps:\/\/www.gov.br\/incra\/pt-br\/acesso-a-informacao\/perguntas-frequentes "}],"skos:editorialNote":[{"@lang":"pt-BR","@value":"342.1235 "}],"skos:broader":["https:\/\/adm.senado.leg.br\/vcb\/vocab\/skos\/507"],"skos:related":["https:\/\/adm.senado.leg.br\/vcb\/vocab\/skos\/1691","https:\/\/adm.senado.leg.br\/vcb\/vocab\/skos\/3577","https:\/\/adm.senado.leg.br\/vcb\/vocab\/skos\/6536","https:\/\/adm.senado.leg.br\/vcb\/vocab\/skos\/448","https:\/\/adm.senado.leg.br\/vcb\/vocab\/skos\/434","https:\/\/adm.senado.leg.br\/vcb\/vocab\/skos\/19991","https:\/\/adm.senado.leg.br\/vcb\/vocab\/skos\/3360","https:\/\/adm.senado.leg.br\/vcb\/vocab\/skos\/3581","https:\/\/adm.senado.leg.br\/vcb\/vocab\/skos\/1662","https:\/\/adm.senado.leg.br\/vcb\/vocab\/skos\/3909","https:\/\/adm.senado.leg.br\/vcb\/vocab\/skos\/23067","https:\/\/adm.senado.leg.br\/vcb\/vocab\/skos\/25453","https:\/\/adm.senado.leg.br\/vcb\/vocab\/skos\/8313","https:\/\/adm.senado.leg.br\/vcb\/vocab\/skos\/3912"]}