{"@context":{"dc":"http:\/\/purl.org\/dc\/elements\/1.1\/","skos":"http:\/\/www.w3.org\/2004\/02\/skos\/core#","skos:broader":{"@type":"@id"},"skos:inScheme":{"@type":"@id"},"skos:related":{"@type":"@id"},"skos:narrower":{"@type":"@id"},"skos:hasTopConcept":{"@type":"@id"},"skos:topConceptOf":{"@type":"@id"}},"@id":"https:\/\/adm.senado.leg.br\/vcb\/vocab\/skos\/3588","@type":"skos:Concept","skos:prefLabel":{"@language":"pt-BR","@value=":"Reforma agr\u00e1ria"},"skos:inScheme":"https:\/\/adm.senado.leg.br\/vcb\/vocab\/","dct:created":"2020-09-18 17:43:07","skos:definition":[{"@lang":"ab","@value":"\"[...] conjunto de medidas que visem a promover melhor distribui\u00e7\u00e3o da terra, mediante modifica\u00e7\u00f5es no regime de sua posse e uso, a fim de atender aos princ\u00edpios de justi\u00e7a social e ao aumento de produtividade.\" (Estatuto da Terra, Lei n 4.504\/64). "},{"@lang":"ab","@value":"Revis\u00e3o da estrutura agr\u00e1ria de um pa\u00eds, atrav\u00e9s de um conjunto de leis, com vista a uma distribui\u00e7\u00e3o mais equitativa da terra dispon\u00edvel e da renda agr\u00edcola, mediante a modifica\u00e7\u00f5es no regime de sua posse e uso, a fim de atender aos princ\u00edpios de justi\u00e7a social e ao aumento de produtividade.$vORMOND, Jos\u00e9 Geraldo Pacheco. Gloss\u00e1rio de termos usados em atividades agropecu\u00e1rias, florestais e ci\u00eancias ambientais. BNDES, 2006. "}],"skos:editorialNote":[{"@lang":"ab","@value":"342.1249 "}],"skos:broader":["https:\/\/adm.senado.leg.br\/vcb\/vocab\/skos\/22193"],"skos:related":["https:\/\/adm.senado.leg.br\/vcb\/vocab\/skos\/1748","https:\/\/adm.senado.leg.br\/vcb\/vocab\/skos\/3577","https:\/\/adm.senado.leg.br\/vcb\/vocab\/skos\/22334","https:\/\/adm.senado.leg.br\/vcb\/vocab\/skos\/3585","https:\/\/adm.senado.leg.br\/vcb\/vocab\/skos\/434","https:\/\/adm.senado.leg.br\/vcb\/vocab\/skos\/435","https:\/\/adm.senado.leg.br\/vcb\/vocab\/skos\/13881","https:\/\/adm.senado.leg.br\/vcb\/vocab\/skos\/10798","https:\/\/adm.senado.leg.br\/vcb\/vocab\/skos\/10786","https:\/\/adm.senado.leg.br\/vcb\/vocab\/skos\/10787","https:\/\/adm.senado.leg.br\/vcb\/vocab\/skos\/3590","https:\/\/adm.senado.leg.br\/vcb\/vocab\/skos\/13884","https:\/\/adm.senado.leg.br\/vcb\/vocab\/skos\/10891","https:\/\/adm.senado.leg.br\/vcb\/vocab\/skos\/3360","https:\/\/adm.senado.leg.br\/vcb\/vocab\/skos\/10790","https:\/\/adm.senado.leg.br\/vcb\/vocab\/skos\/23547","https:\/\/adm.senado.leg.br\/vcb\/vocab\/skos\/3589"]}