{"@context":{"dc":"http:\/\/purl.org\/dc\/elements\/1.1\/","skos":"http:\/\/www.w3.org\/2004\/02\/skos\/core#","skos:broader":{"@type":"@id"},"skos:inScheme":{"@type":"@id"},"skos:related":{"@type":"@id"},"skos:narrower":{"@type":"@id"},"skos:hasTopConcept":{"@type":"@id"},"skos:topConceptOf":{"@type":"@id"}},"@id":"https:\/\/adm.senado.leg.br\/vcb\/vocab\/skos\/359","@type":"skos:Concept","skos:prefLabel":{"@language":"pt-BR","@value=":"A\u00e7\u00e3o preventiva"},"skos:inScheme":"https:\/\/adm.senado.leg.br\/vcb\/vocab\/","dct:created":"2020-09-18 17:42:57","skos:definition":[{"@lang":"ab","@value":"\"[...] intentada para se reclamar do juiz da causa a efetiva\u00e7\u00e3o de medidas cautelares, tendes a prevenir interesses ou a evitar danos graves e de dif\u00edcil repara\u00e7\u00e3o a um direito (DINIZ). "}],"skos:editorialNote":[{"@lang":"ab","@value":"341.4 "}],"skos:narrower":["https:\/\/adm.senado.leg.br\/vcb\/vocab\/skos\/531"],"skos:broader":["https:\/\/adm.senado.leg.br\/vcb\/vocab\/skos\/355"],"skos:altLabel":[{"language":"pt-BR","value":"A\u00e7\u00e3o preparat\u00f3ria"}],"skos:related":["https:\/\/adm.senado.leg.br\/vcb\/vocab\/skos\/593"]}