{"@context":{"dc":"http:\/\/purl.org\/dc\/elements\/1.1\/","skos":"http:\/\/www.w3.org\/2004\/02\/skos\/core#","skos:broader":{"@type":"@id"},"skos:inScheme":{"@type":"@id"},"skos:related":{"@type":"@id"},"skos:narrower":{"@type":"@id"},"skos:hasTopConcept":{"@type":"@id"},"skos:topConceptOf":{"@type":"@id"}},"@id":"https:\/\/adm.senado.leg.br\/vcb\/vocab\/skos\/3595","@type":"skos:Concept","skos:prefLabel":{"@language":"pt-BR","@value=":"Comunica\u00e7\u00e3o empresarial"},"skos:inScheme":"https:\/\/adm.senado.leg.br\/vcb\/vocab\/","dct:created":"2020-09-18 17:43:07","skos:scopeNote":[{"@lang":"ab","@value":"Usar para obras sobre as diversas t\u00e9cnicas de comunica\u00e7\u00e3o suscet\u00edveis de serem aplicadas na atividade empresarial. Para obras sobre o papel da comunica\u00e7\u00e3o em um gerenciamento eficaz: Comunica\u00e7\u00e3o na gest\u00e3o. "}],"skos:definition":[{"@lang":"ab","@value":"\"[...] conjunto complexo de atividades, a\u00e7\u00f5es, estrat\u00e9gias, produtos e processos desenvolvidos para refor\u00e7ar a imagem de uma empresa ou entidade [...] junto aos seus p\u00fablicos de interesse [...] ou junto \u00e0 opini\u00e3o p\u00fablica.\" (http:\/\/www.comunicacaoempresarial.com.br) "}],"skos:narrower":["https:\/\/adm.senado.leg.br\/vcb\/vocab\/skos\/28139"],"skos:broader":["https:\/\/adm.senado.leg.br\/vcb\/vocab\/skos\/1085","https:\/\/adm.senado.leg.br\/vcb\/vocab\/skos\/7036"],"skos:altLabel":[{"language":"pt-BR","value":"Comunica\u00e7\u00e3o administrativa"},{"language":"pt-BR","value":"Comunica\u00e7\u00e3o corporativa"},{"language":"pt-BR","value":"Comunica\u00e7\u00e3o institucional"},{"language":"pt-BR","value":"Comunica\u00e7\u00e3o na empresa"}],"skos:related":["https:\/\/adm.senado.leg.br\/vcb\/vocab\/skos\/3592","https:\/\/adm.senado.leg.br\/vcb\/vocab\/skos\/2235","https:\/\/adm.senado.leg.br\/vcb\/vocab\/skos\/8087","https:\/\/adm.senado.leg.br\/vcb\/vocab\/skos\/3008"]}