{"@context":{"dc":"http:\/\/purl.org\/dc\/elements\/1.1\/","skos":"http:\/\/www.w3.org\/2004\/02\/skos\/core#","skos:broader":{"@type":"@id"},"skos:inScheme":{"@type":"@id"},"skos:related":{"@type":"@id"},"skos:narrower":{"@type":"@id"},"skos:hasTopConcept":{"@type":"@id"},"skos:topConceptOf":{"@type":"@id"}},"@id":"https:\/\/adm.senado.leg.br\/vcb\/vocab\/skos\/36","@type":"skos:Concept","skos:prefLabel":{"@language":"pt-BR","@value=":"Crime praticado por funcion\u00e1rio p\u00fablico contra a administra\u00e7\u00e3o em geral"},"skos:inScheme":"https:\/\/adm.senado.leg.br\/vcb\/vocab\/","dct:created":"2020-09-18 17:42:56","skos:narrower":["https:\/\/adm.senado.leg.br\/vcb\/vocab\/skos\/29","https:\/\/adm.senado.leg.br\/vcb\/vocab\/skos\/1395","https:\/\/adm.senado.leg.br\/vcb\/vocab\/skos\/8278","https:\/\/adm.senado.leg.br\/vcb\/vocab\/skos\/8299","https:\/\/adm.senado.leg.br\/vcb\/vocab\/skos\/9499","https:\/\/adm.senado.leg.br\/vcb\/vocab\/skos\/9937","https:\/\/adm.senado.leg.br\/vcb\/vocab\/skos\/9938","https:\/\/adm.senado.leg.br\/vcb\/vocab\/skos\/9939","https:\/\/adm.senado.leg.br\/vcb\/vocab\/skos\/9940","https:\/\/adm.senado.leg.br\/vcb\/vocab\/skos\/9941","https:\/\/adm.senado.leg.br\/vcb\/vocab\/skos\/8281","https:\/\/adm.senado.leg.br\/vcb\/vocab\/skos\/8282","https:\/\/adm.senado.leg.br\/vcb\/vocab\/skos\/9942","https:\/\/adm.senado.leg.br\/vcb\/vocab\/skos\/9943","https:\/\/adm.senado.leg.br\/vcb\/vocab\/skos\/9944"],"skos:broader":["https:\/\/adm.senado.leg.br\/vcb\/vocab\/skos\/1280"]}