{"@context":{"dc":"http:\/\/purl.org\/dc\/elements\/1.1\/","skos":"http:\/\/www.w3.org\/2004\/02\/skos\/core#","skos:broader":{"@type":"@id"},"skos:inScheme":{"@type":"@id"},"skos:related":{"@type":"@id"},"skos:narrower":{"@type":"@id"},"skos:hasTopConcept":{"@type":"@id"},"skos:topConceptOf":{"@type":"@id"}},"@id":"https:\/\/adm.senado.leg.br\/vcb\/vocab\/skos\/360","@type":"skos:Concept","skos:prefLabel":{"@language":"pt-BR","@value=":"Direito civil"},"skos:inScheme":"https:\/\/adm.senado.leg.br\/vcb\/vocab\/","dct:created":"2020-09-18 17:42:57","skos:definition":[{"@lang":"ab","@value":"Conjunto de normas jur\u00eddicas (regras e princ\u00edpios) que regulam as rela\u00e7\u00f5es jur\u00eddicas entre as pessoas, sejam estas naturais ou jur\u00eddicas, que comumente encontram-se em uma situa\u00e7\u00e3o de equil\u00edbrio de condi\u00e7\u00f5es. O direito civil \u00e9 o direito do dia a dia das pessoas, em suas rela\u00e7\u00f5es privadas cotidianas.$vPINHEIRO e ESTEVES. Pinheiro e Esteves Advogados Associados. \u00c1rea de atua\u00e7\u00e3o. Direito civil. "}],"skos:editorialNote":[{"@lang":"ab","@value":"342.1 "}],"skos:narrower":["https:\/\/adm.senado.leg.br\/vcb\/vocab\/skos\/265","https:\/\/adm.senado.leg.br\/vcb\/vocab\/skos\/29913","https:\/\/adm.senado.leg.br\/vcb\/vocab\/skos\/4077","https:\/\/adm.senado.leg.br\/vcb\/vocab\/skos\/2011","https:\/\/adm.senado.leg.br\/vcb\/vocab\/skos\/5659","https:\/\/adm.senado.leg.br\/vcb\/vocab\/skos\/2013","https:\/\/adm.senado.leg.br\/vcb\/vocab\/skos\/8517","https:\/\/adm.senado.leg.br\/vcb\/vocab\/skos\/4112","https:\/\/adm.senado.leg.br\/vcb\/vocab\/skos\/5058","https:\/\/adm.senado.leg.br\/vcb\/vocab\/skos\/6475","https:\/\/adm.senado.leg.br\/vcb\/vocab\/skos\/3377","https:\/\/adm.senado.leg.br\/vcb\/vocab\/skos\/1336","https:\/\/adm.senado.leg.br\/vcb\/vocab\/skos\/11570","https:\/\/adm.senado.leg.br\/vcb\/vocab\/skos\/10342","https:\/\/adm.senado.leg.br\/vcb\/vocab\/skos\/6355","https:\/\/adm.senado.leg.br\/vcb\/vocab\/skos\/6539","https:\/\/adm.senado.leg.br\/vcb\/vocab\/skos\/29915","https:\/\/adm.senado.leg.br\/vcb\/vocab\/skos\/14913","https:\/\/adm.senado.leg.br\/vcb\/vocab\/skos\/2039","https:\/\/adm.senado.leg.br\/vcb\/vocab\/skos\/5664","https:\/\/adm.senado.leg.br\/vcb\/vocab\/skos\/29914","https:\/\/adm.senado.leg.br\/vcb\/vocab\/skos\/10163","https:\/\/adm.senado.leg.br\/vcb\/vocab\/skos\/23694","https:\/\/adm.senado.leg.br\/vcb\/vocab\/skos\/11199","https:\/\/adm.senado.leg.br\/vcb\/vocab\/skos\/3543","https:\/\/adm.senado.leg.br\/vcb\/vocab\/skos\/7486","https:\/\/adm.senado.leg.br\/vcb\/vocab\/skos\/6051","https:\/\/adm.senado.leg.br\/vcb\/vocab\/skos\/25430","https:\/\/adm.senado.leg.br\/vcb\/vocab\/skos\/29912"],"skos:broader":["https:\/\/adm.senado.leg.br\/vcb\/vocab\/skos\/11192"],"skos:altLabel":[{"language":"pt-BR","value":"Ius civile"}],"skos:related":["https:\/\/adm.senado.leg.br\/vcb\/vocab\/skos\/355","https:\/\/adm.senado.leg.br\/vcb\/vocab\/skos\/7314","https:\/\/adm.senado.leg.br\/vcb\/vocab\/skos\/8406","https:\/\/adm.senado.leg.br\/vcb\/vocab\/skos\/11196"]}