{"@context":{"dc":"http:\/\/purl.org\/dc\/elements\/1.1\/","skos":"http:\/\/www.w3.org\/2004\/02\/skos\/core#","skos:broader":{"@type":"@id"},"skos:inScheme":{"@type":"@id"},"skos:related":{"@type":"@id"},"skos:narrower":{"@type":"@id"},"skos:hasTopConcept":{"@type":"@id"},"skos:topConceptOf":{"@type":"@id"}},"@id":"https:\/\/adm.senado.leg.br\/vcb\/vocab\/skos\/3602","@type":"skos:Concept","skos:prefLabel":{"@language":"pt-BR","@value=":"Avalia\u00e7\u00e3o de desempenho"},"skos:inScheme":"https:\/\/adm.senado.leg.br\/vcb\/vocab\/","dct:created":"2020-09-18 17:43:07","skos:definition":[{"@lang":"ab","@value":"Refere-se \u00e0 avalia\u00e7\u00e3o dada a um servidor pelo exerc\u00edcio de suas atividades profissionais ao longo de um determinado per\u00edodo avaliativo e ao alcance de metas previamente negociadas. (VCE-TCU) "},{"@lang":"ab","@value":"T\u00e9cnica ou ferramenta cujo objetivo \u00e9 conhecer e mensurar o desempenho dos colaboradores\/gestores da organiza\u00e7\u00e3o, comparando o desempenho esperado e o desempenho alcan\u00e7ado. Pressup\u00f5e, entretanto, n\u00e3o apenas a compara\u00e7\u00e3o entre o que se espera do colaborador\/gestor e o trabalho realizado, mas tamb\u00e9m a exist\u00eancia de procedimentos de acompanhamento que permitam, durante o per\u00edodo avaliativo, a corre\u00e7\u00e3o de desvios para assegurar que o realizado corresponda ao planejado.$vBRASIL. Minist\u00e9rio do Planejamento, Desenvolvimento e Gest\u00e3o. Manual de Orienta\u00e7\u00e3o de Gest\u00e3o do Desempenho.) (VCE-TCU "}],"skos:narrower":["https:\/\/adm.senado.leg.br\/vcb\/vocab\/skos\/2334"],"skos:broader":["https:\/\/adm.senado.leg.br\/vcb\/vocab\/skos\/1156"],"skos:altLabel":[{"language":"pt-BR","value":"Desempenho"}],"skos:related":["https:\/\/adm.senado.leg.br\/vcb\/vocab\/skos\/177","https:\/\/adm.senado.leg.br\/vcb\/vocab\/skos\/4561","https:\/\/adm.senado.leg.br\/vcb\/vocab\/skos\/4562","https:\/\/adm.senado.leg.br\/vcb\/vocab\/skos\/4563","https:\/\/adm.senado.leg.br\/vcb\/vocab\/skos\/4565","https:\/\/adm.senado.leg.br\/vcb\/vocab\/skos\/4566","https:\/\/adm.senado.leg.br\/vcb\/vocab\/skos\/4567","https:\/\/adm.senado.leg.br\/vcb\/vocab\/skos\/1286","https:\/\/adm.senado.leg.br\/vcb\/vocab\/skos\/4568","https:\/\/adm.senado.leg.br\/vcb\/vocab\/skos\/4569","https:\/\/adm.senado.leg.br\/vcb\/vocab\/skos\/264"]}