{"@context":{"dc":"http:\/\/purl.org\/dc\/elements\/1.1\/","skos":"http:\/\/www.w3.org\/2004\/02\/skos\/core#","skos:broader":{"@type":"@id"},"skos:inScheme":{"@type":"@id"},"skos:related":{"@type":"@id"},"skos:narrower":{"@type":"@id"},"skos:hasTopConcept":{"@type":"@id"},"skos:topConceptOf":{"@type":"@id"}},"@id":"https:\/\/adm.senado.leg.br\/vcb\/vocab\/skos\/3642","@type":"skos:Concept","skos:prefLabel":{"@language":"pt-BR","@value=":"Servi\u00e7os de sa\u00fade"},"skos:inScheme":"https:\/\/adm.senado.leg.br\/vcb\/vocab\/","dct:created":"2020-09-18 17:43:07","skos:definition":[{"@lang":"ab","@value":"O campo da assist\u00eancia \u00e0 sa\u00fade encerra um conjunto de a\u00e7\u00f5es levadas a efeito pelo SUS, em todos os n\u00edveis de governo, para o atendimento das demandas pessoais, individuais e coletivas, e que \u00e9 prestada no \u00e2mbito ambulatorial e hospitalar, bem como em outros espa\u00e7os, especialmente no domiciliar.$vBRASIL. Minist\u00e9rio da Sa\u00fade. Gloss\u00e1rio do Minist\u00e9rio da Sa\u00fade. "}],"skos:narrower":["https:\/\/adm.senado.leg.br\/vcb\/vocab\/skos\/3694","https:\/\/adm.senado.leg.br\/vcb\/vocab\/skos\/28772","https:\/\/adm.senado.leg.br\/vcb\/vocab\/skos\/5340","https:\/\/adm.senado.leg.br\/vcb\/vocab\/skos\/8690","https:\/\/adm.senado.leg.br\/vcb\/vocab\/skos\/1233","https:\/\/adm.senado.leg.br\/vcb\/vocab\/skos\/7374"],"skos:broader":["https:\/\/adm.senado.leg.br\/vcb\/vocab\/skos\/3852","https:\/\/adm.senado.leg.br\/vcb\/vocab\/skos\/8204"],"skos:altLabel":[{"language":"pt-BR","value":"Servi\u00e7o de sa\u00fade"},{"language":"pt-BR","value":"Servi\u00e7os hospitalares"}],"skos:related":["https:\/\/adm.senado.leg.br\/vcb\/vocab\/skos\/3856","https:\/\/adm.senado.leg.br\/vcb\/vocab\/skos\/3636","https:\/\/adm.senado.leg.br\/vcb\/vocab\/skos\/3669","https:\/\/adm.senado.leg.br\/vcb\/vocab\/skos\/7896","https:\/\/adm.senado.leg.br\/vcb\/vocab\/skos\/11317","https:\/\/adm.senado.leg.br\/vcb\/vocab\/skos\/6213","https:\/\/adm.senado.leg.br\/vcb\/vocab\/skos\/12638","https:\/\/adm.senado.leg.br\/vcb\/vocab\/skos\/3640","https:\/\/adm.senado.leg.br\/vcb\/vocab\/skos\/13337","https:\/\/adm.senado.leg.br\/vcb\/vocab\/skos\/10684","https:\/\/adm.senado.leg.br\/vcb\/vocab\/skos\/22039","https:\/\/adm.senado.leg.br\/vcb\/vocab\/skos\/2005","https:\/\/adm.senado.leg.br\/vcb\/vocab\/skos\/9186","https:\/\/adm.senado.leg.br\/vcb\/vocab\/skos\/23647","https:\/\/adm.senado.leg.br\/vcb\/vocab\/skos\/24460"]}