{"@context":{"dc":"http:\/\/purl.org\/dc\/elements\/1.1\/","skos":"http:\/\/www.w3.org\/2004\/02\/skos\/core#","skos:broader":{"@type":"@id"},"skos:inScheme":{"@type":"@id"},"skos:related":{"@type":"@id"},"skos:narrower":{"@type":"@id"},"skos:hasTopConcept":{"@type":"@id"},"skos:topConceptOf":{"@type":"@id"}},"@id":"https:\/\/adm.senado.leg.br\/vcb\/vocab\/skos\/3645","@type":"skos:Concept","skos:prefLabel":{"@language":"pt-BR","@value=":"Assistente de acusa\u00e7\u00e3o"},"skos:inScheme":"https:\/\/adm.senado.leg.br\/vcb\/vocab\/","dct:created":"2020-09-18 17:43:07","dct:modified":"2022-04-04 17:25:26","skos:editorialNote":[{"@lang":"ab","@value":"341.4333 "}],"skos:broader":["https:\/\/adm.senado.leg.br\/vcb\/vocab\/skos\/18998"],"skos:altLabel":[{"language":"pt-BR","value":"Assist\u00eancia de acusa\u00e7\u00e3o"},{"language":"pt-BR","value":"Assistente do Minist\u00e9rio P\u00fablico"},{"language":"pt-BR","value":"Assistente no processo criminal"}],"skos:related":["https:\/\/adm.senado.leg.br\/vcb\/vocab\/skos\/578","https:\/\/adm.senado.leg.br\/vcb\/vocab\/skos\/1024","https:\/\/adm.senado.leg.br\/vcb\/vocab\/skos\/1389","https:\/\/adm.senado.leg.br\/vcb\/vocab\/skos\/376","https:\/\/adm.senado.leg.br\/vcb\/vocab\/skos\/240"]}